{"id":231523,"date":"2026-01-16T14:30:07","date_gmt":"2026-01-16T14:30:07","guid":{"rendered":"https:\/\/www.europesays.com\/pt\/231523\/"},"modified":"2026-01-16T14:30:07","modified_gmt":"2026-01-16T14:30:07","slug":"e-grave-henri-castelli-tem-estado-de-saude-atualizado-apos-convulsionar-no-bbb-26-terra","status":"publish","type":"post","link":"https:\/\/www.europesays.com\/pt\/231523\/","title":{"rendered":"\u00c9 grave? Henri Castelli tem estado de sa\u00fade atualizado ap\u00f3s convulsionar no &#039;BBB 26&#039; &#8211; Terra"},"content":{"rendered":"<ol>\n<li><a href=\"https:\/\/news.google.com\/rss\/articles\/CBMi-wFBVV95cUxNTWRuMHZocG1ZOF9NZnFHbWlkY01kM2F0MmtGQmpYTDg0Vlk0aXRsQWxNYldCQk45dDVzVnVmV05TbkVyamNyaEJjeGlYLU92M2kzZUVtOUhMdzFiWlJiSFFFNVZXUkJUNnU3YV9OWThINEtUbWdSU3puUC0zaER3YkhnY1JlTmdrRHhnYURqb1lOSnNIRTRxZFM3UmJYYzlfNHFSVE83SXpFdUgtSjBuVWgtckZwVUE5NHFST3ktdm9wQ3dTc1hNeXkxdEw3VzQ2ejVWT19UcU15eFdWWExESTExcllucTV6bFRmcjZYaHVHWk5sZm5GZzlGTQ?oc=5\" target=\"_blank\" rel=\"nofollow noopener\">\u00c9 grave? Henri Castelli tem estado de sa\u00fade atualizado ap\u00f3s convulsionar no &#8216;BBB 26&#8217;<\/a>&nbsp;&nbsp;Terra<\/li>\n<li><a href=\"https:\/\/news.google.com\/rss\/articles\/CBMi0gFBVV95cUxNV0l3TFBEbF82QjhpZlpGaUR4RmVPQzJSR3ZaMi1FYmQ3VUJvMm55cE92ZnlrR2ZSM1doWThUdVNGMjRFRlpwalQ0RVpTYTYxSDVHeUtWUVN5NDc3b0xvbTlNWEtNTXZWRjViRWJxSEVyS1RRRmxxZUVnRFhKeWxLRXFxZE1MbE1zdk1RWE8wcEVkQlZfcHdpSmRIUDJXSlpsQVUwN0gwbE9tTmlvYmlCa01sdXc1RGEzYmZNcWtRNWJYNHoyVTIxZllscktYNFZGSmfSAeABQVVfeXFMTVktR3JDSW1NYm1YNDdDbG0yUkRvNE1jYlktNzZZOXdGdGxlalJFeVlKZnFWNE5UelB4WHZoX2pQdFlqRjFuX2xsMkRmTzB3Nmw5UV9XaDJFY0x1d3Z2WWJpZVdleENmZFRsLUxuUUFYdEJtNHE1dmoxSUFXMnBmOHZMT1Mwa2k5YkJKeHI5RTRDc0VsWXZQQnBpZXVRNnoteXZrajV0SjFkdF9URGg2TWR2NjdERXFtMHhwV01KWWE3by1CQXN5dl81cVBPUXZyYXN1dDQ4TVVzU3JWM0Y0TDk?oc=5\" target=\"_blank\" rel=\"nofollow noopener\">Tadeu Schmidt anuncia novidades no Quarto Branco nesta sexta (16)<\/a>&nbsp;&nbsp;Gshow<\/li>\n<li><a href=\"https:\/\/news.google.com\/rss\/articles\/CBMikwFBVV95cUxPZ0VSNFVLN2wzNl84Xy0xTTZXb081a2VlN3liMUhrWUg0RDlnQ3JBam9Ub0V3RjhTcXlBdWl2aDdMSlNodlBnNWs4NVlGWHBJS0luNE9OSmgxM1Q4a1JldEZ1OXk0UThxMVJhZXMzWV9HNW4zQ1ZVOVc5NndsUmo3TFlRZldSSFdxdUlRTnpSNXY2MVk?oc=5\" target=\"_blank\" rel=\"nofollow noopener\">Os nomes que podem substituir Henri Castelli no BBB 26<\/a>&nbsp;&nbsp;VEJA<\/li>\n<li><a href=\"https:\/\/news.google.com\/rss\/articles\/CBMi8gFBVV95cUxNcmVoYzFvVWZacEN2LU8yWWVIbnl2SnhMQ1lwRlFCOGdsOHg3TkZsOEFFTXJBSFN3T0ExRUwzSklCU1RQR25la3FRSXp1TlNFRVlLMzc4a0FPS2huV3Q5N3kwUFBYbGk2MXhLSDZQTUFuWTdjenRtT0xYeGtqSjUyVkN1cEhfQzNSMThwTTY0R1UxcEVOZlBycWpqMURmRnVXNEszZHhfaW1WUzRYeTctWGtQamxVZWFiQ0dBRlkwcXZzRWEyOVpheUdCVmlvZmxLd1hGTVNGdHV4dGVMUnlTZFpydlhSTDROM1pPZEdVQUVOQdIB9wFBVV95cUxPZ19GYnA5enlwWjltX2RRZXNxd254WEVWTUtKUU45b25ic3pSeFJVUldlcmUwdW5zUWY3aGpkeTg0QVhPR1J2NlpmUEFIaTd6SEUxX2hUWjR3czh2WDZRc3JwLW44d1lmR2d5WkpCLVZ2YTlOdGV1QnBUOFlUOE1BQVBPZEFHSlF1YmFiU29NbEZYSU5reGRDRGp2Ym95aE01cG9GSjgza0N1U1drMXQtZVBrOTJuY0ZkMm9QckZJcU1aQm90QlhsV1NTeklBSVN4ckJHemxyalZCaWZnN0kzbU9wVkJiTFZGVHVpcGhpTFhneWdEN09R?oc=5\" target=\"_blank\" rel=\"nofollow noopener\">Saiba o que a Globo fez com o cach\u00ea de Henri Castelli ap\u00f3s desclassifica\u00e7\u00e3o<\/a>&nbsp;&nbsp;Correio Braziliense<\/li>\n<li><a href=\"https:\/\/news.google.com\/rss\/articles\/CBMiqwFBVV95cUxNbUlHd1RTVVVIUUNhZDFkQVZlNVRvZUg1dDRwcWg0N3lTdzJXT3BoWkhCeHh4TWQ0cy0wRnNvS0NXa3AxTXdVM0Ftd1ROQTF1Q2x6WEc3WGx6SjJ0a0tqdlIwckYtWnJDa0hBRGdOcnBoZDVqeG5QNEpmbHRseWJPdDNjMmtkdG80RU0yUXdEaTJZTWFZb2FsZWRMTU9aWFdQamg0MnhETnNSSVU?oc=5\" target=\"_blank\" rel=\"nofollow noopener\">BBB 26: Equipe de Henri Castelli atualiza estado de sa\u00fade do ator<\/a>&nbsp;&nbsp;OFuxico<\/li>\n<\/ol>\n","protected":false},"excerpt":{"rendered":"\u00c9 grave? Henri Castelli tem estado de sa\u00fade atualizado ap\u00f3s convulsionar no &#8216;BBB 26&#8217;&nbsp;&nbsp;Terra Tadeu Schmidt anuncia novidades&hellip;\n","protected":false},"author":2,"featured_media":225042,"comment_status":"","ping_status":"","sticky":false,"template":"","format":"standard","meta":{"footnotes":""},"categories":[145],"tags":[211,210,114,115,32,33],"class_list":{"0":"post-231523","1":"post","2":"type-post","3":"status-publish","4":"format-standard","5":"has-post-thumbnail","7":"category-celebridades","8":"tag-celebridades","9":"tag-celebrities","10":"tag-entertainment","11":"tag-entretenimento","12":"tag-portugal","13":"tag-pt"},"share_on_mastodon":{"url":"https:\/\/pubeurope.com\/@pt\/115905260582482441","error":""},"_links":{"self":[{"href":"https:\/\/www.europesays.com\/pt\/wp-json\/wp\/v2\/posts\/231523","targetHints":{"allow":["GET"]}}],"collection":[{"href":"https:\/\/www.europesays.com\/pt\/wp-json\/wp\/v2\/posts"}],"about":[{"href":"https:\/\/www.europesays.com\/pt\/wp-json\/wp\/v2\/types\/post"}],"author":[{"embeddable":true,"href":"https:\/\/www.europesays.com\/pt\/wp-json\/wp\/v2\/users\/2"}],"replies":[{"embeddable":true,"href":"https:\/\/www.europesays.com\/pt\/wp-json\/wp\/v2\/comments?post=231523"}],"version-history":[{"count":0,"href":"https:\/\/www.europesays.com\/pt\/wp-json\/wp\/v2\/posts\/231523\/revisions"}],"wp:featuredmedia":[{"embeddable":true,"href":"https:\/\/www.europesays.com\/pt\/wp-json\/wp\/v2\/media\/225042"}],"wp:attachment":[{"href":"https:\/\/www.europesays.com\/pt\/wp-json\/wp\/v2\/media?parent=231523"}],"wp:term":[{"taxonomy":"category","embeddable":true,"href":"https:\/\/www.europesays.com\/pt\/wp-json\/wp\/v2\/categories?post=231523"},{"taxonomy":"post_tag","embeddable":true,"href":"https:\/\/www.europesays.com\/pt\/wp-json\/wp\/v2\/tags?post=231523"}],"curies":[{"name":"wp","href":"https:\/\/api.w.org\/{rel}","templated":true}]}}