{"id":231524,"date":"2026-01-16T14:33:08","date_gmt":"2026-01-16T14:33:08","guid":{"rendered":"https:\/\/www.europesays.com\/pt\/231524\/"},"modified":"2026-01-16T14:33:08","modified_gmt":"2026-01-16T14:33:08","slug":"saiba-o-que-a-globo-fez-com-o-cache-de-henri-castelli-apos-desclassificacao","status":"publish","type":"post","link":"https:\/\/www.europesays.com\/pt\/231524\/","title":{"rendered":"Saiba o que a Globo fez com o cach\u00ea de Henri Castelli ap\u00f3s desclassifica\u00e7\u00e3o"},"content":{"rendered":"<p data-start=\"0\" data-end=\"218\">Mesmo ap\u00f3s a sa\u00edda precoce do \u201cBBB 26\u201d, <strong><a href=\"https:\/\/www.correiobraziliense.com.br\/busca\/HENRI%20CASTELLI\/\" target=\"_blank\" rel=\"nofollow noopener\">Henri Castelli <\/a><\/strong>n\u00e3o ter\u00e1 preju\u00edzos financeiros com a Globo.<\/p>\n<p data-start=\"0\" data-end=\"218\">O ator, que foi desclassificado do reality por quest\u00f5es de sa\u00fade, seguir\u00e1 com o cach\u00ea integral garantido pela emissora.<\/p>\n<p data-start=\"220\" data-end=\"549\">Segundo informa\u00e7\u00f5es do colunista Gabriel Vaquer, da Folha de S. Paulo, a Globo avaliou o caso e concluiu que n\u00e3o h\u00e1 fundamento para aplicar puni\u00e7\u00f5es previstas em contrato que resultariam na suspens\u00e3o do pagamento.<\/p>\n<p data-start=\"220\" data-end=\"549\">Dessa forma, o v\u00ednculo firmado com o artista ser\u00e1 mantido, apesar da interrup\u00e7\u00e3o de sua participa\u00e7\u00e3o no programa.<\/p>\n<p data-start=\"551\" data-end=\"806\">Henri entrou no elenco do \u201cBBB 26\u201d como integrante do Camarote, mas deixou o confinamento na tarde de quarta-feira (14), ap\u00f3s sofrer uma segunda convuls\u00e3o.<\/p>\n<p data-start=\"551\" data-end=\"806\">O primeiro epis\u00f3dio ocorreu ainda pela manh\u00e3, enquanto ele participava de uma Prova de Resist\u00eancia.<\/p>\n<p data-start=\"808\" data-end=\"1033\">Ap\u00f3s passar mal, o ator foi levado ao hospital, onde realizou uma s\u00e9rie de exames.<\/p>\n<p data-start=\"808\" data-end=\"1033\">Com a libera\u00e7\u00e3o m\u00e9dica inicial, chegou a retornar \u00e0 casa, mas voltou a apresentar uma nova crise poucos minutos depois de reingressar no jogo.<\/p>\n<p data-start=\"1035\" data-end=\"1272\" data-is-last-node=\"\" data-is-only-node=\"\">Diante da recorr\u00eancia do problema e por orienta\u00e7\u00e3o m\u00e9dica, a produ\u00e7\u00e3o do reality decidiu pela <strong><a href=\"https:\/\/www.instagram.com\/henricastelli\" target=\"_blank\" rel=\"nofollow noopener\">desclassifica\u00e7\u00e3o <\/a><\/strong>do participante, priorizando a seguran\u00e7a do ator.<\/p>\n<ul>\n<li><a href=\"https:\/\/wa.me\/?text=Saiba+o+que+a+Globo+fez+com+o+cach%C3%AA+de+Henri+Castelli+ap%C3%B3s+desclassifica%C3%A7%C3%A3o%20https:\/\/www.correiobraziliense.com.br\/colunistas\/mariana-morais\/2026\/01\/7334218-saiba-o-que-a-globo-fez-com-o-cache-de-henri-castelli-apos-desclassificacao.html\" target=\"_blank\" title=\"Whatsapp\" aria-label=\"WhatsApp\" rel=\"nofollow noopener\"><\/a><\/li>\n<li><a href=\"https:\/\/www.facebook.com\/sharer.php?u=https:\/\/www.correiobraziliense.com.br%2Fcolunistas%2Fmariana-morais%2F2026%2F01%2F7334218-saiba-o-que-a-globo-fez-com-o-cache-de-henri-castelli-apos-desclassificacao.html&amp;text=Saiba+o+que+a+Globo+fez+com+o+cach%C3%AA+de+Henri+Castelli+ap%C3%B3s+desclassifica%C3%A7%C3%A3o\" target=\"_blank\" title=\"Facebook\" aria-label=\"Facebook\" rel=\"nofollow noopener\"><\/a><\/li>\n<li><a href=\"https:\/\/twitter.com\/intent\/tweet?url=https:\/\/www.correiobraziliense.com.br%2Fcolunistas%2Fmariana-morais%2F2026%2F01%2F7334218-saiba-o-que-a-globo-fez-com-o-cache-de-henri-castelli-apos-desclassificacao.html&amp;text=Saiba+o+que+a+Globo+fez+com+o+cach%C3%AA+de+Henri+Castelli+ap%C3%B3s+desclassifica%C3%A7%C3%A3o\" target=\"_blank\" title=\"Twitter\" aria-label=\"Twitter\" rel=\"nofollow noopener\"><\/a><\/li>\n<li><a href=\"https:\/\/profile.google.com\/cp\/CgovbS8wNzZ0dms1\" title=\"Google Discover\" target=\"_blank\" aria-label=\"Google Discover\" rel=\"nofollow noopener\"><img decoding=\"async\" src=\"https:\/\/www.europesays.com\/pt\/wp-content\/uploads\/2025\/12\/google-discover-icon.png\" style=\"height: 25px; margin: 0 !important; margin-left: 3px;\" alt=\"Google Discover Icon\"\/><\/a><\/li>\n<\/ul>\n<p>                          <script async src=\"https:\/\/platform.twitter.com\/widgets.js\" charset=\"utf-8\"><\/script><script async src=\"\/\/www.instagram.com\/embed.js\"><\/script><\/p>\n","protected":false},"excerpt":{"rendered":"Mesmo ap\u00f3s a sa\u00edda precoce do \u201cBBB 26\u201d, Henri Castelli n\u00e3o ter\u00e1 preju\u00edzos financeiros com a Globo. O&hellip;\n","protected":false},"author":2,"featured_media":231525,"comment_status":"","ping_status":"","sticky":false,"template":"","format":"standard","meta":{"footnotes":""},"categories":[142],"tags":[114,115,753,36171,32,33,151],"class_list":{"0":"post-231524","1":"post","2":"type-post","3":"status-publish","4":"format-standard","5":"has-post-thumbnail","7":"category-tv","8":"tag-entertainment","9":"tag-entretenimento","10":"tag-globo","11":"tag-henri-castelli","12":"tag-portugal","13":"tag-pt","14":"tag-tv"},"share_on_mastodon":{"url":"https:\/\/pubeurope.com\/@pt\/115905272368587792","error":""},"_links":{"self":[{"href":"https:\/\/www.europesays.com\/pt\/wp-json\/wp\/v2\/posts\/231524","targetHints":{"allow":["GET"]}}],"collection":[{"href":"https:\/\/www.europesays.com\/pt\/wp-json\/wp\/v2\/posts"}],"about":[{"href":"https:\/\/www.europesays.com\/pt\/wp-json\/wp\/v2\/types\/post"}],"author":[{"embeddable":true,"href":"https:\/\/www.europesays.com\/pt\/wp-json\/wp\/v2\/users\/2"}],"replies":[{"embeddable":true,"href":"https:\/\/www.europesays.com\/pt\/wp-json\/wp\/v2\/comments?post=231524"}],"version-history":[{"count":0,"href":"https:\/\/www.europesays.com\/pt\/wp-json\/wp\/v2\/posts\/231524\/revisions"}],"wp:featuredmedia":[{"embeddable":true,"href":"https:\/\/www.europesays.com\/pt\/wp-json\/wp\/v2\/media\/231525"}],"wp:attachment":[{"href":"https:\/\/www.europesays.com\/pt\/wp-json\/wp\/v2\/media?parent=231524"}],"wp:term":[{"taxonomy":"category","embeddable":true,"href":"https:\/\/www.europesays.com\/pt\/wp-json\/wp\/v2\/categories?post=231524"},{"taxonomy":"post_tag","embeddable":true,"href":"https:\/\/www.europesays.com\/pt\/wp-json\/wp\/v2\/tags?post=231524"}],"curies":[{"name":"wp","href":"https:\/\/api.w.org\/{rel}","templated":true}]}}