{"id":231526,"date":"2026-01-16T14:35:11","date_gmt":"2026-01-16T14:35:11","guid":{"rendered":"https:\/\/www.europesays.com\/pt\/231526\/"},"modified":"2026-01-16T14:35:11","modified_gmt":"2026-01-16T14:35:11","slug":"adaptacao-de-agatha-christie-documentario-com-will-smith-e-mais-estreias-da-semana-no-streaming","status":"publish","type":"post","link":"https:\/\/www.europesays.com\/pt\/231526\/","title":{"rendered":"Adapta\u00e7\u00e3o de Agatha Christie, document\u00e1rio com Will Smith e mais estreias da semana no streaming"},"content":{"rendered":"<p data-component-name=\"paragraph\" class=\"styles__ParagraphStyled-sc-6adecn-0 gsLklW  \">A terceira semana de janeiro traz consigo uma nova leva de <a href=\"https:\/\/www.estadao.com.br\/cultura\/series\/\" target=\"_blank\" rel=\"nofollow noopener\" title=\"https:\/\/www.estadao.com.br\/cultura\/series\/\"><strong>s\u00e9ries, miniss\u00e9ries<\/strong><\/a> e filmes para quem deseja maraton\u00e1-las no final de semana. O grande destaque \u00e9 a estreia de Os Sete Rel\u00f3gios de Agatha Christie, produ\u00e7\u00e3o da <a href=\"https:\/\/www.estadao.com.br\/tudo-sobre\/netflix\/\" target=\"_blank\" rel=\"nofollow noopener\" title=\"https:\/\/www.estadao.com.br\/tudo-sobre\/netflix\/\"><strong>Netflix<\/strong><\/a><strong> <\/strong>que adapta um dos romances escritos pela famosa autora brit\u00e2nica. <\/p>\n<p data-component-name=\"paragraph\" class=\"styles__ParagraphStyled-sc-6adecn-0 gsLklW  \">Em De Polo a Polo com Will Smith na <a href=\"https:\/\/www.estadao.com.br\/tudo-sobre\/disney-plus-disney\/\" target=\"_blank\" rel=\"nofollow noopener\" title=\"https:\/\/www.estadao.com.br\/tudo-sobre\/disney-plus-disney\/\"><strong>Disney+<\/strong><\/a>, o ator norte-americano embarca em uma viagem que busca explorar as paisagens mais ex\u00f3ticas do planeta Terra. J\u00e1 em Dinheiro Suspeito, <strong>Ben Affleck<\/strong> e <strong>Matt Damon<\/strong> interpretam amigos policiais que se veem em apuros ap\u00f3s encontrarem milh\u00f5es de d\u00f3lares em uma casa abandonada. <\/p>\n<p><img  loading=\"lazy\" class=\"lazy-load-img\"\/><\/p>\n<p>Em &#8216;De Polo a Polo com Will Smith&#8217;, ator enfrenta 100 dias de desafios radicais em diferentes partes do mundo\u00a0Foto:  Disney+\/Divulga\u00e7\u00e3o <\/p>\n<p data-component-name=\"paragraph\" class=\"styles__ParagraphStyled-sc-6adecn-0 gsLklW  \">Confira as principais estreias da semana no streaming:<\/p>\n<p>De Polo a Polo com Will Smith \u2014 1\u00aa Temporada<\/p>\n<ul>\n<li class=\" \">Motivado por seu falecido mentor a explorar as quest\u00f5es mais importantes da vida, Will Smith enfrenta desafios incr\u00edveis durante 100 dias: esquiar at\u00e9 o Polo Sul, capturar uma sucuri gigante, extrair veneno de uma tar\u00e2ntula, escalar montanhas e mergulhar sob o gelo do Polo Norte. Ele se aventura de polo a polo na companhia de cientistas, exploradores e especialistas locais. O primeiro epis\u00f3dio da produ\u00e7\u00e3o j\u00e1 est\u00e1 dispon\u00edvel no <b>Disney+<\/b>. <\/li>\n<\/ul>\n<p>Os Sete Rel\u00f3gios de Agatha Christie \u2014 1\u00aa Temporada<\/p>\n<ul>\n<li class=\" \">Durante uma festa na mans\u00e3o da fam\u00edlia de Bundle Brent (<b>Mia McKenna-Bruce<\/b>), os amigos de Gerry Wade (<b>Corey Mylchreest<\/b>) decidem pregar uma pe\u00e7a nele. Os colegas se aproveitam do sono pesado do amigo e programam oito despertadores para acord\u00e1-lo e dar um grande susto no rapaz. Quando a manh\u00e3 chega, no entanto, o susto n\u00e3o vem. Gerry Wade est\u00e1 morto, v\u00edtima de uma overdose de son\u00edfero. Mas, se ele era conhecido por ser dorminhoco, por que estava tomando son\u00edfero? A d\u00favida consome Bundle, que passa a investigar a morte suspeita. E, como \u00e9 praxe nas hist\u00f3rias de <b>Agatha Christie<\/b>, descobre que nem tudo \u00e9 t\u00e3o simples quanto parece. A miniss\u00e9rie j\u00e1 est\u00e1 dispon\u00edvel na <b>Netflix<\/b>. <\/li>\n<\/ul>\n<p>Dinheiro Suspeito<\/p>\n<ul>\n<li class=\" \">Uma equipe de policiais de Miami recebe uma den\u00fancia an\u00f4nima e encontra milh\u00f5es de d\u00f3lares em um muquifo usado como esconderijo. Os membros do esquadr\u00e3o, ent\u00e3o, passam a considerar o que poderiam fazer com todo aquele dinheiro. As cifras altas geram desconfian\u00e7a entre os policiais, que n\u00e3o sabem mais em quem confiar. O longa, que chega \u00e0 <b>Netflix <\/b>nesta sexta-feira, 16, conta com um elenco estrado com <b>Matt Damon<\/b>, <b>Ben Affleck<\/b>, <b>Steven Yeun<\/b>, <b>Teyana Taylor<\/b>, <b>Sasha Calle<\/b> e <b>Kyle Chandler<\/b>.<\/li>\n<\/ul>\n<p>Sequestro \u2014 2\u00aa Temporada<\/p>\n<ul>\n<li class=\" \">O experiente negociador Sam Nelson (Idris Elba) est\u00e1 prestes a viver a aventura de sua vida \u2014 assim como todos os que est\u00e3o a bordo com ele. Quando um grupo de sequestradores assume o controle de um metr\u00f4 de Berlim, na Alemanha, Sam tentar\u00e1 todas as estrat\u00e9gias de seu repert\u00f3rio para derrot\u00e1-los. Os riscos, no entanto, aumentam a cada segundo. O primeiro epis\u00f3dio da segunda temporada da s\u00e9rie j\u00e1 est\u00e1 dispon\u00edvel na AppleTV+.<\/li>\n<\/ul>\n","protected":false},"excerpt":{"rendered":"A terceira semana de janeiro traz consigo uma nova leva de s\u00e9ries, miniss\u00e9ries e filmes para quem deseja&hellip;\n","protected":false},"author":2,"featured_media":231527,"comment_status":"","ping_status":"","sticky":false,"template":"","format":"standard","meta":{"footnotes":""},"categories":[140],"tags":[14885,114,115,147,148,146,32,33],"class_list":{"0":"post-231526","1":"post","2":"type-post","3":"status-publish","4":"format-standard","5":"has-post-thumbnail","7":"category-filmes","8":"tag-antonio-fagundes","9":"tag-entertainment","10":"tag-entretenimento","11":"tag-film","12":"tag-filmes","13":"tag-movies","14":"tag-portugal","15":"tag-pt"},"share_on_mastodon":{"url":"https:\/\/pubeurope.com\/@pt\/115905280397646801","error":""},"_links":{"self":[{"href":"https:\/\/www.europesays.com\/pt\/wp-json\/wp\/v2\/posts\/231526","targetHints":{"allow":["GET"]}}],"collection":[{"href":"https:\/\/www.europesays.com\/pt\/wp-json\/wp\/v2\/posts"}],"about":[{"href":"https:\/\/www.europesays.com\/pt\/wp-json\/wp\/v2\/types\/post"}],"author":[{"embeddable":true,"href":"https:\/\/www.europesays.com\/pt\/wp-json\/wp\/v2\/users\/2"}],"replies":[{"embeddable":true,"href":"https:\/\/www.europesays.com\/pt\/wp-json\/wp\/v2\/comments?post=231526"}],"version-history":[{"count":0,"href":"https:\/\/www.europesays.com\/pt\/wp-json\/wp\/v2\/posts\/231526\/revisions"}],"wp:featuredmedia":[{"embeddable":true,"href":"https:\/\/www.europesays.com\/pt\/wp-json\/wp\/v2\/media\/231527"}],"wp:attachment":[{"href":"https:\/\/www.europesays.com\/pt\/wp-json\/wp\/v2\/media?parent=231526"}],"wp:term":[{"taxonomy":"category","embeddable":true,"href":"https:\/\/www.europesays.com\/pt\/wp-json\/wp\/v2\/categories?post=231526"},{"taxonomy":"post_tag","embeddable":true,"href":"https:\/\/www.europesays.com\/pt\/wp-json\/wp\/v2\/tags?post=231526"}],"curies":[{"name":"wp","href":"https:\/\/api.w.org\/{rel}","templated":true}]}}