{"id":231532,"date":"2026-01-16T14:39:11","date_gmt":"2026-01-16T14:39:11","guid":{"rendered":"https:\/\/www.europesays.com\/pt\/231532\/"},"modified":"2026-01-16T14:39:11","modified_gmt":"2026-01-16T14:39:11","slug":"youtube-com-mais-controlo-parental-e-novas-regras-de-recomendacao-para-adolescentes-2","status":"publish","type":"post","link":"https:\/\/www.europesays.com\/pt\/231532\/","title":{"rendered":"YouTube com mais controlo parental e novas regras de recomenda\u00e7\u00e3o para adolescentes"},"content":{"rendered":"<p data-remotead-prev-elm=\"true\" data-remotead-elm-id=\"inread\">A plataforma de v\u00eddeo Youtube anunciou um refor\u00e7o nas ferramentas de controlo parental e uma atualiza\u00e7\u00e3o nas regras de recomenda\u00e7\u00e3o de conte\u00fado para adolescentes em Portugal e noutros pa\u00edses.<\/p>\n<p>&#8220;Com o objetivo de criar um ambiente digital mais equilibrado e seguro, estas mudan\u00e7as focam-se na visualiza\u00e7\u00e3o consciente e na qualidade do conte\u00fado que chega aos jovens&#8221;, refere o YouTube, em comunicado.<\/p>\n<p>Entre o que muda para as fam\u00edlias est\u00e1 o controlo total do YouTube Shorts. Neste \u00e2mbito, &#8220;os pais passam a poder definir limites de tempo espec\u00edficos para o &#8216;feed&#8217; de v\u00eddeos curtos&#8221;. A partir de agora passa a ser poss\u00edvel definir o tempo para zero, permitindo, por exemplo, que o jovem use o YouTube para estudar sem a distra\u00e7\u00e3o do &#8216;feed&#8217; infinito de Shorts.<\/p>\n<p data-remotead-prev-elm=\"true\" data-remotead-elm-id=\"centro1\">Outra das atualiza\u00e7\u00f5es diz respeito \u00e0 gest\u00e3o de contas simplificada, em que &#8220;criar e alternar entre contas de fam\u00edlia na aplica\u00e7\u00e3o m\u00f3vel tornou-se mais r\u00e1pido&#8221;.<\/p>\n<p>A plataforma refere tamb\u00e9m conseguir garantir que o menor &#8220;acede ao perfil com as restri\u00e7\u00f5es e recomenda\u00e7\u00f5es adequadas \u00e0 sua idade&#8221;.<\/p>\n<p>H\u00e1 ainda a possibilidade de configurar lembretes personalizados de &#8220;Hora de Dormir&#8221; e &#8220;Fazer uma Pausa&#8221;, refor\u00e7ando h\u00e1bitos digitais saud\u00e1veis.<\/p>\n<p data-remotead-prev-elm=\"true\" data-remotead-elm-id=\"centro2\">O algoritmo de recomenda\u00e7\u00f5es foi ajustado com base em estudos de especialistas em psicologia e pediatria, refere o YouTube, adiantando que &#8220;ir\u00e1 agora dar prioridade a v\u00eddeos que promovam&#8221; tutoriais e novos passatempos, gest\u00e3o de or\u00e7amento, trabalho em equipa e resili\u00eancia e conte\u00fados que evitem a press\u00e3o est\u00e9tica ou social excessiva.<\/p>\n<p>&#8220;Um estudo recente indica que 73% dos pais na Uni\u00e3o Europeia j\u00e1 se sentem mais confiantes ao utilizar as ferramentas de supervis\u00e3o do YouTube, confirmando que estas ajudam a criar um ambiente digital mais controlado e seguro&#8221;, refere.<\/p>\n<p>Estas atualiza\u00e7\u00f5es v\u00e3o come\u00e7ar a ser implementadas a partir de hoje e a expandirem-se globalmente ao longo dos pr\u00f3ximos meses, adianta a plataforma.<\/p>\n","protected":false},"excerpt":{"rendered":"A plataforma de v\u00eddeo Youtube anunciou um refor\u00e7o nas ferramentas de controlo parental e uma atualiza\u00e7\u00e3o nas regras&hellip;\n","protected":false},"author":2,"featured_media":231533,"comment_status":"","ping_status":"","sticky":false,"template":"","format":"standard","meta":{"footnotes":""},"categories":[84],"tags":[109,107,108,44286,20491,981,32,33,15403,105,103,104,106,110,3004],"class_list":{"0":"post-231532","1":"post","2":"type-post","3":"status-publish","4":"format-standard","5":"has-post-thumbnail","7":"category-ciencia-e-tecnologia","8":"tag-ciencia","9":"tag-ciencia-e-tecnologia","10":"tag-cienciaetecnologia","11":"tag-controlo-parental","12":"tag-delas","13":"tag-familia","14":"tag-portugal","15":"tag-pt","16":"tag-regras","17":"tag-science","18":"tag-science-and-technology","19":"tag-scienceandtechnology","20":"tag-technology","21":"tag-tecnologia","22":"tag-youtube"},"share_on_mastodon":{"url":"https:\/\/pubeurope.com\/@pt\/115905296049604372","error":""},"_links":{"self":[{"href":"https:\/\/www.europesays.com\/pt\/wp-json\/wp\/v2\/posts\/231532","targetHints":{"allow":["GET"]}}],"collection":[{"href":"https:\/\/www.europesays.com\/pt\/wp-json\/wp\/v2\/posts"}],"about":[{"href":"https:\/\/www.europesays.com\/pt\/wp-json\/wp\/v2\/types\/post"}],"author":[{"embeddable":true,"href":"https:\/\/www.europesays.com\/pt\/wp-json\/wp\/v2\/users\/2"}],"replies":[{"embeddable":true,"href":"https:\/\/www.europesays.com\/pt\/wp-json\/wp\/v2\/comments?post=231532"}],"version-history":[{"count":0,"href":"https:\/\/www.europesays.com\/pt\/wp-json\/wp\/v2\/posts\/231532\/revisions"}],"wp:featuredmedia":[{"embeddable":true,"href":"https:\/\/www.europesays.com\/pt\/wp-json\/wp\/v2\/media\/231533"}],"wp:attachment":[{"href":"https:\/\/www.europesays.com\/pt\/wp-json\/wp\/v2\/media?parent=231532"}],"wp:term":[{"taxonomy":"category","embeddable":true,"href":"https:\/\/www.europesays.com\/pt\/wp-json\/wp\/v2\/categories?post=231532"},{"taxonomy":"post_tag","embeddable":true,"href":"https:\/\/www.europesays.com\/pt\/wp-json\/wp\/v2\/tags?post=231532"}],"curies":[{"name":"wp","href":"https:\/\/api.w.org\/{rel}","templated":true}]}}