{"id":231534,"date":"2026-01-16T14:40:11","date_gmt":"2026-01-16T14:40:11","guid":{"rendered":"https:\/\/www.europesays.com\/pt\/231534\/"},"modified":"2026-01-16T14:40:11","modified_gmt":"2026-01-16T14:40:11","slug":"el-corte-ingles-vai-investir-650-milhoes-ate-2027","status":"publish","type":"post","link":"https:\/\/www.europesays.com\/pt\/231534\/","title":{"rendered":"El Corte Ingl\u00e9s vai investir 650 milh\u00f5es at\u00e9 2027"},"content":{"rendered":"<p>        Segundo um comunicado do El Corte Ingl\u00e9s, dono de grandes armaz\u00e9ns e supermercados, o grupo \u00e9 oficialmente presidido a partir de hoje por Cristina \u00c1lvarez, que substituiu a irm\u00e3, Marta \u00c1lvarez, no cargo.    <\/p>\n<p>O El Corte Ingl\u00e9s prev\u00ea investir 650 milh\u00f5es de euros at\u00e9 2027, em remodela\u00e7\u00e3o de lojas, tecnologia ou log\u00edstica, anunciou hoje o grupo espanhol, que est\u00e1 presente em Portugal e passou a ser presidido por Cristina \u00c1lvarez.<\/p>\n<p>Segundo um comunicado do El Corte Ingl\u00e9s, dono de grandes armaz\u00e9ns e supermercados, o grupo \u00e9 oficialmente presidido a partir de hoje por Cristina \u00c1lvarez, que substituiu a irm\u00e3, Marta \u00c1lvarez, no cargo.<\/p>\n<p>Marta \u00c1lvarez, que presidia o grupo desde 2019, continuar\u00e1 a fazer parte do Conselho de Administra\u00e7\u00e3o, disse a empresa.<\/p>\n<p>Ambas s\u00e3o filhas do ex-presidente do El Corte Ingl\u00e9s Isidoro \u00c1lvarez, que morreu em 2019.<\/p>\n<p>A nova presidente do grupo espanhol passa hoje tamb\u00e9m a presidir \u00e0 Funda\u00e7\u00e3o Ram\u00f3n Areces, que \u00e9 o maior acionista do El Corte Ingl\u00e9s, detendo cerca de 40% da empresa.<\/p>\n<p>No comunicado divulgado hoje, Cristina \u00c1lvarez revela que o El Corte Ingl\u00e9s investir\u00e1 650 milh\u00f5es de euros durante o exerc\u00edcio financeiro que come\u00e7a em 01 de mar\u00e7o e termina um ano depois, com vista \u00e0 execu\u00e7\u00e3o do plano estrat\u00e9gico da empresa at\u00e9 2030, que prev\u00ea investimentos totais de 3.000 milh\u00f5es de euros.<\/p>\n<p>Os 650 milh\u00f5es de euros ser\u00e3o investidos na remodela\u00e7\u00e3o de lojas, no crescimento em capacidades tecnol\u00f3gicas e na expans\u00e3o dos neg\u00f3cios, segundo a mesma nota.<\/p>\n<p>O El Corte Ingl\u00e9s registou lucros de 224 milh\u00f5es de euros, um aumento de 10,3%, no primeiro semestre fiscal (01 de mar\u00e7o a 31 de agosto), em rela\u00e7\u00e3o ao mesmo per\u00edodo do ano passado, segundo os dados de resultados mais recentes, conhecidos em novembro.<\/p>\n<p>A empresa alcan\u00e7ou um EBITDA (resultado antes de impostos, juros, deprecia\u00e7\u00f5es e amortiza\u00e7\u00f5es) de 539 milh\u00f5es de euros, mais 3,8% do que no mesmo per\u00edodo do ano passado.<\/p>\n<p>As receitas globais ascenderam a 8.212 milh\u00f5es de euros, 2,1% a mais do que no per\u00edodo hom\u00f3logo.<\/p>\n<p>Por \u00e1reas, o retalho registou um volume de neg\u00f3cios de 5.665 milh\u00f5es de euros, um aumento de 1,2% em termos hom\u00f3logos, destacando-se o \u201cbom desempenho\u201d da moda e beleza, especialmente na marca pr\u00f3pria, indicou o grupo.<\/p>\n<p>Quanto ao segmento de viagens, obteve um volume de neg\u00f3cios de 1,262 mil milh\u00f5es de euros, o que representa um crescimento de 3,3% em rela\u00e7\u00e3o ao mesmo per\u00edodo do ano anterior.<\/p>\n<p>A \u00e1rea de seguros do El Corte Ingl\u00e9s cresceu 11,1% em receitas, atingindo 153 milh\u00f5es de euros, com um lucro l\u00edquido de 43 milh\u00f5es, 22,9% a mais do que no ano anterior.<\/p>\n<p>J\u00e1 a \u00e1rea financeira aumentou as suas receitas em 5,7%, atingindo os 95 milh\u00f5es, com um lucro l\u00edquido de 30 milh\u00f5es, 21,9% acima do obtido no mesmo per\u00edodo do exerc\u00edcio anterior.<\/p>\n<p>Quanto \u00e0 d\u00edvida financeira l\u00edquida, esta situa-se em 1.738 milh\u00f5es de euros.<\/p>\n<p>Em termos absolutos, a d\u00edvida foi reduzida em 195 milh\u00f5es de euros desde agosto de 2024.<\/p>\n","protected":false},"excerpt":{"rendered":"Segundo um comunicado do El Corte Ingl\u00e9s, dono de grandes armaz\u00e9ns e supermercados, o grupo \u00e9 oficialmente presidido&hellip;\n","protected":false},"author":2,"featured_media":231535,"comment_status":"","ping_status":"","sticky":false,"template":"","format":"standard","meta":{"footnotes":""},"categories":[83],"tags":[88,89,17112,90,32,33],"class_list":{"0":"post-231534","1":"post","2":"type-post","3":"status-publish","4":"format-standard","5":"has-post-thumbnail","7":"category-empresas","8":"tag-business","9":"tag-economy","10":"tag-el-corte-ingles","11":"tag-empresas","12":"tag-portugal","13":"tag-pt"},"share_on_mastodon":{"url":"https:\/\/pubeurope.com\/@pt\/115905300934145173","error":""},"_links":{"self":[{"href":"https:\/\/www.europesays.com\/pt\/wp-json\/wp\/v2\/posts\/231534","targetHints":{"allow":["GET"]}}],"collection":[{"href":"https:\/\/www.europesays.com\/pt\/wp-json\/wp\/v2\/posts"}],"about":[{"href":"https:\/\/www.europesays.com\/pt\/wp-json\/wp\/v2\/types\/post"}],"author":[{"embeddable":true,"href":"https:\/\/www.europesays.com\/pt\/wp-json\/wp\/v2\/users\/2"}],"replies":[{"embeddable":true,"href":"https:\/\/www.europesays.com\/pt\/wp-json\/wp\/v2\/comments?post=231534"}],"version-history":[{"count":0,"href":"https:\/\/www.europesays.com\/pt\/wp-json\/wp\/v2\/posts\/231534\/revisions"}],"wp:featuredmedia":[{"embeddable":true,"href":"https:\/\/www.europesays.com\/pt\/wp-json\/wp\/v2\/media\/231535"}],"wp:attachment":[{"href":"https:\/\/www.europesays.com\/pt\/wp-json\/wp\/v2\/media?parent=231534"}],"wp:term":[{"taxonomy":"category","embeddable":true,"href":"https:\/\/www.europesays.com\/pt\/wp-json\/wp\/v2\/categories?post=231534"},{"taxonomy":"post_tag","embeddable":true,"href":"https:\/\/www.europesays.com\/pt\/wp-json\/wp\/v2\/tags?post=231534"}],"curies":[{"name":"wp","href":"https:\/\/api.w.org\/{rel}","templated":true}]}}