{"id":231536,"date":"2026-01-16T14:41:15","date_gmt":"2026-01-16T14:41:15","guid":{"rendered":"https:\/\/www.europesays.com\/pt\/231536\/"},"modified":"2026-01-16T14:41:15","modified_gmt":"2026-01-16T14:41:15","slug":"um-gesto-maravilhoso-trump-agradece-a-corina-machado-oferta-de-medalha-do-nobel","status":"publish","type":"post","link":"https:\/\/www.europesays.com\/pt\/231536\/","title":{"rendered":"Um &#8220;gesto maravilhoso&#8221;: Trump agradece a Corina Machado oferta de medalha do Nobel"},"content":{"rendered":"<p class=\"category\"><a href=\"https:\/\/sicnoticias.pt\/mundo\" rel=\"nofollow noopener\" target=\"_blank\">Mundo<\/a><\/p>\n<p>O Instituto Nobel da Noruega diz que Mar\u00eda Corina Machado n\u00e3o podia doar o Nobel da Paz ao Presidente dos Estados Unidos, mas nada a impede de oferecer a medalha.<\/p>\n<p><img decoding=\"async\" src=\"https:\/\/www.europesays.com\/pt\/wp-content\/uploads\/2026\/01\/1768574475_197_original.webp\" alt=\"Um &quot;gesto maravilhoso&quot;: Trump agradece a Corina Machado oferta de medalha do Nobel\"\/><\/p>\n<p>Daniel Torok\/The White House<\/p>\n<p><strong>O Presidente dos Estados Unidos, Donald Trump, afirmou que a l\u00edder da oposi\u00e7\u00e3o da Venezuela, Mar\u00eda Corina Machado, lhe deu como presente a medalha do Pr\u00e9mio Nobel da Paz como reconhecimento pelo trabalho que tem feito.<\/strong><\/p>\n<p>Numa publica\u00e7\u00e3o na rede social que det\u00e9m, a Truth Social, Trump disse que foi &#8220;uma grande honra&#8221; conhecer Machado, na quinta-feira, e que a venezuelana<strong> lhe ofereceu a medalha devido ao trabalho que realizou durante o atual mandato.<\/strong><\/p>\n<p>O gesto remetia aos la\u00e7os hist\u00f3ricos entre os Estados Unidos e a Venezuela e visava reconhecer o que classificou de &#8220;compromisso singular de Trump&#8221; com a liberdade da Venezuela, disse Machado, citada pelo jornal New York Times.<\/p>\n<p>Donald Trump acrescentou que <strong>Machado \u00e9 &#8220;uma mulher maravilhosa que passou por tanto&#8221; e que a entrega da medalha, num encontro entre ambos na Casa Branca, \u00e9 um &#8220;gesto maravilhoso de respeito m\u00fatuo&#8221;.<\/strong><\/p>\n<p><strong>Pr\u00e9mio n\u00e3o pode ser doado<\/strong><\/p>\n<p style=\"\">O Instituto Nobel da Noruega j\u00e1 tinha esclarecido este m\u00eas que Mar\u00eda Corina Machado <strong>n\u00e3o podia doar o Nobel da Paz ao Presidente dos Estados Unidos, como afirmou ser sua inten\u00e7\u00e3o, nem a qualquer outra pessoa.<\/strong><\/p>\n<blockquote><p>&#8220;Uma vez anunciado, o Pr\u00e9mio Nobel da Paz n\u00e3o pode ser revogado, transferido ou partilhado com terceiros&#8221;, afirmou o instituto num breve comunicado em 10 de janeiro. &#8220;A decis\u00e3o \u00e9 final e irrevog\u00e1vel&#8221;, acrescentou.<\/p><\/blockquote>\n<p>Mar\u00eda Corina Machado tinha afirmado que<strong> gostaria de entregar ou partilhar o pr\u00e9mio com Trump<\/strong>, que ordenou a opera\u00e7\u00e3o militar dos Estados Unidos que levou \u00e0 captura do Presidente venezuelano, Nicol\u00e1s Maduro, e da mulher, Cilia Flores.<\/p>\n<p>Ambos foram transportados para Nova Iorque, onde enfrentam acusa\u00e7\u00f5es de quatro crimes federais, incluindo de conspira\u00e7\u00e3o para narcoterrorismo.<\/p>\n<p>Corina Machado almo\u00e7ou com Donald Trump na Casa Branca, menos de duas semanas ap\u00f3s a opera\u00e7\u00e3o militar.<\/p>\n<p>A l\u00edder da oposi\u00e7\u00e3o venezuelana entrou na resid\u00eancia presidencial dos Estados Unidos por uma porta lateral, em vez da entrada principal, reservada para chefes de Estado e altas autoridades, e n\u00e3o respondeu \u00e0s perguntas da imprensa \u00e0 chegada.<\/p>\n<p>Foi o primeiro encontro entre os dois e foi fechado \u00e0 imprensa.<\/p>\n<p>Ap\u00f3s o encontro, a venezuelana cumprimentou apoiantes e seguiu para o Capit\u00f3lio, onde se reuniu com membros do Congresso.<\/p>\n<p>Apesar dos elogios a Trump, a porta-voz da Casa Branca esclareceu &#8211; enquanto o encontro ainda decorria &#8211; que o Presidente norte-americano mant\u00e9m a opini\u00e3o de que Mar\u00eda Corina Machado n\u00e3o tem apoio suficiente no pa\u00eds para liderar uma transi\u00e7\u00e3o na Venezuela.<\/p>\n<p>Karoline Leavitt insistiu que o Governo venezuelano, atualmente liderado de forma interina por Delcy Rodr\u00edguez, est\u00e1 a fazer um bom trabalho ao cumprir as exig\u00eancias de Washington, sobretudo em rela\u00e7\u00e3o ao petr\u00f3leo.<\/p>\n","protected":false},"excerpt":{"rendered":"Mundo O Instituto Nobel da Noruega diz que Mar\u00eda Corina Machado n\u00e3o podia doar o Nobel da Paz&hellip;\n","protected":false},"author":2,"featured_media":231537,"comment_status":"","ping_status":"","sticky":false,"template":"","format":"standard","meta":{"footnotes":""},"categories":[50],"tags":[27,28,15,16,14,25,26,21,22,62,12,13,19,20,23,24,17,18,29,30,31,63,64,65],"class_list":{"0":"post-231536","1":"post","2":"type-post","3":"status-publish","4":"format-standard","5":"has-post-thumbnail","7":"category-mundo","8":"tag-breaking-news","9":"tag-breakingnews","10":"tag-featured-news","11":"tag-featurednews","12":"tag-headlines","13":"tag-latest-news","14":"tag-latestnews","15":"tag-main-news","16":"tag-mainnews","17":"tag-mundo","18":"tag-news","19":"tag-noticias","20":"tag-noticias-principais","21":"tag-noticiasprincipais","22":"tag-principais-noticias","23":"tag-principaisnoticias","24":"tag-top-stories","25":"tag-topstories","26":"tag-ultimas","27":"tag-ultimas-noticias","28":"tag-ultimasnoticias","29":"tag-world","30":"tag-world-news","31":"tag-worldnews"},"share_on_mastodon":{"url":"https:\/\/pubeurope.com\/@pt\/115905303868258069","error":""},"_links":{"self":[{"href":"https:\/\/www.europesays.com\/pt\/wp-json\/wp\/v2\/posts\/231536","targetHints":{"allow":["GET"]}}],"collection":[{"href":"https:\/\/www.europesays.com\/pt\/wp-json\/wp\/v2\/posts"}],"about":[{"href":"https:\/\/www.europesays.com\/pt\/wp-json\/wp\/v2\/types\/post"}],"author":[{"embeddable":true,"href":"https:\/\/www.europesays.com\/pt\/wp-json\/wp\/v2\/users\/2"}],"replies":[{"embeddable":true,"href":"https:\/\/www.europesays.com\/pt\/wp-json\/wp\/v2\/comments?post=231536"}],"version-history":[{"count":0,"href":"https:\/\/www.europesays.com\/pt\/wp-json\/wp\/v2\/posts\/231536\/revisions"}],"wp:featuredmedia":[{"embeddable":true,"href":"https:\/\/www.europesays.com\/pt\/wp-json\/wp\/v2\/media\/231537"}],"wp:attachment":[{"href":"https:\/\/www.europesays.com\/pt\/wp-json\/wp\/v2\/media?parent=231536"}],"wp:term":[{"taxonomy":"category","embeddable":true,"href":"https:\/\/www.europesays.com\/pt\/wp-json\/wp\/v2\/categories?post=231536"},{"taxonomy":"post_tag","embeddable":true,"href":"https:\/\/www.europesays.com\/pt\/wp-json\/wp\/v2\/tags?post=231536"}],"curies":[{"name":"wp","href":"https:\/\/api.w.org\/{rel}","templated":true}]}}