{"id":231540,"date":"2026-01-16T14:43:28","date_gmt":"2026-01-16T14:43:28","guid":{"rendered":"https:\/\/www.europesays.com\/pt\/231540\/"},"modified":"2026-01-16T14:43:28","modified_gmt":"2026-01-16T14:43:28","slug":"japonesa-yazaki-despede-quase-500-pessoas-em-portugal-em-meia-duzia-de-meses-industria","status":"publish","type":"post","link":"https:\/\/www.europesays.com\/pt\/231540\/","title":{"rendered":"Japonesa Yazaki despede quase 500 pessoas em Portugal em meia d\u00fazia de meses &#8211; Ind\u00fastria"},"content":{"rendered":"<p class=\"\">&#13;<br \/>\n        A Yazaki chegou a empregar quase oito mil pessoas em Portugal, entre os seus polos industriais de Ovar e Gaia.&#13;\n    <\/p>\n<p class=\"\">&#13;<br \/>\n        Nos finais dos anos 90, come\u00e7ou a deslocaliza\u00e7\u00e3o para o leste europeu. No ano 2000, j\u00e1 s\u00f3 tinha cerca de quatro mil pessoas no nosso pa\u00eds.&#13;\n    <\/p>\n<p class=\"\">&#13;<br \/>\n        At\u00e9 que, em abril de 2008, fechou a unidade de Gaia, mandando para o desemprego os \u00faltimos 400 trabalhadores daquela que foi a primeira f\u00e1brica de cablagens da Europa, inaugurada em 1986.&#13;\n    <\/p>\n<p class=\"\">&#13;<br \/>\n        Neste brutal plano de &#8220;downsizing&#8221;, a Yazaki Saltano ter\u00e1 desembolsado mais de 50 milh\u00f5es de euros em indemniza\u00e7\u00f5es, tendo mantido a unidade de Ovar, onde, ainda h\u00e1 cerca de 15 anos, empregava cerca de 1.300 pessoas, n\u00famero que mais do que duplicou neste per\u00edodo.\u00a0 &#13;\n    <\/p>\n<p class=\"\">&#13;<br \/>\n        A unidade ovarense da multinacional nip\u00f3nica, que produz uma s\u00e9rie de componentes el\u00e9tricos e eletr\u00f3nicos para o setor autom\u00f3vel, entrou na pandemia de covid-19, em mar\u00e7o de 2020, com cerca de 2.200 pessoas.&#13;\n    <\/p>\n<p class=\"\">&#13;<br \/>\n        Entretanto, fortemente afetada pela atual situa\u00e7\u00e3o cr\u00edtica da ind\u00fastria autom\u00f3vel europeia, a empresa de Ovar anunciou, em mar\u00e7o do ano passado, o despedimento de 364 trabalhadores, processo que foi conclu\u00eddo em julho, com a dispensa de 304, ou seja, menos 60 do que o inicialmente previsto.&#13;\n    <\/p>\n<p class=\"\">&#13;<br \/>\n        Mas eis que, esta quinta-feira, 15 de janeiro, a Yazaki Saltano comunicou, de supet\u00e3o, o despedimento de mais 163 pessoas, com efeitos imediatos, pelo que os trabalhadores afetados ficaram dispensados de se apresentar esta sexta-feira ao trabalho.&#13;\n    <\/p>\n<p class=\"\">&#13;<br \/>\n        Em comunicado, a Yazaki explica que esta medida \u201cvisa assegurar a viabilidade das opera\u00e7\u00f5es em Portugal e refor\u00e7ar a capacidade de angariar novos projetos\u201d.&#13;\n    <\/p>\n<p class=\"\">&#13;<br \/>\n        &#8220;A unidade industrial da Yazaki em Portugal, Yazaki Saltano de Ovar, continua a operar num contexto exigente, marcado pelos atuais desafios da ind\u00fastria autom\u00f3vel europeia&#8221;, sublinha a empresa, acrescentando que, &#8220;com a crescente press\u00e3o sobre os custos, a subsidi\u00e1ria portuguesa da Yazaki EMEA enfrenta exig\u00eancias acrescidas para manter a sua competitividade face \u00e0s atuais condi\u00e7\u00f5es de mercado\u201d.&#13;\n    <\/p>\n<p class=\"\">&#13;<br \/>\n        \u201cComo resposta a este cen\u00e1rio, a empresa est\u00e1 a implementar medidas de otimiza\u00e7\u00e3o de recursos e de integra\u00e7\u00e3o tecnol\u00f3gica, com vista ao refor\u00e7o da sua competitividade no mercado, bem como \u00e0 continuidade da sua presen\u00e7a e atividade em Portugal\u201d, enfatiza a Yazaki Saltano.&#13;\n    <\/p>\n<p class=\"\">&#13;<br \/>\n        \u201cJ\u00e1 havia uma m\u00e1 expectativa de que isso pudesse voltar a acontecer\u201d, reagiu um dirigente sindical, Justino Pereira, em declara\u00e7\u00f5es ao \u201cJornal de Not\u00edcias\u201d.&#13;\n    <\/p>\n<p class=\"\">&#13;<br \/>\n        \u00c0 TSF, o presidente da C\u00e2mara de Ovar, Domingos Silva, afirmou que foi informado pela empresa e garante que a autarquia vai dar todo o apoio aos trabalhadores despedidos, nomeadamente com \u201ccomplementos de renda, apoio \u00e0 medica\u00e7\u00e3o, apoio a consumos como luz, medicamentos e at\u00e9 um fundo de emerg\u00eancia\u201d.&#13;\n    <\/p>\n","protected":false},"excerpt":{"rendered":"&#13; A Yazaki chegou a empregar quase oito mil pessoas em Portugal, entre os seus polos industriais de&hellip;\n","protected":false},"author":2,"featured_media":231541,"comment_status":"","ping_status":"","sticky":false,"template":"","format":"standard","meta":{"footnotes":""},"categories":[8],"tags":[4702,27,28,44288,15,16,14,44290,25,26,21,22,16648,12,13,19,20,32,23,24,33,17,18,849,29,30,31,44289],"class_list":{"0":"post-231540","1":"post","2":"type-post","3":"status-publish","4":"format-standard","5":"has-post-thumbnail","7":"category-principais-noticias","8":"tag-automovel","9":"tag-breaking-news","10":"tag-breakingnews","11":"tag-despedidas","12":"tag-featured-news","13":"tag-featurednews","14":"tag-headlines","15":"tag-justino-pereira","16":"tag-latest-news","17":"tag-latestnews","18":"tag-main-news","19":"tag-mainnews","20":"tag-milhoes","21":"tag-news","22":"tag-noticias","23":"tag-noticias-principais","24":"tag-noticiasprincipais","25":"tag-portugal","26":"tag-principais-noticias","27":"tag-principaisnoticias","28":"tag-pt","29":"tag-top-stories","30":"tag-topstories","31":"tag-trabalho","32":"tag-ultimas","33":"tag-ultimas-noticias","34":"tag-ultimasnoticias","35":"tag-yazaki"},"share_on_mastodon":{"url":"https:\/\/pubeurope.com\/@pt\/115905311784241307","error":""},"_links":{"self":[{"href":"https:\/\/www.europesays.com\/pt\/wp-json\/wp\/v2\/posts\/231540","targetHints":{"allow":["GET"]}}],"collection":[{"href":"https:\/\/www.europesays.com\/pt\/wp-json\/wp\/v2\/posts"}],"about":[{"href":"https:\/\/www.europesays.com\/pt\/wp-json\/wp\/v2\/types\/post"}],"author":[{"embeddable":true,"href":"https:\/\/www.europesays.com\/pt\/wp-json\/wp\/v2\/users\/2"}],"replies":[{"embeddable":true,"href":"https:\/\/www.europesays.com\/pt\/wp-json\/wp\/v2\/comments?post=231540"}],"version-history":[{"count":0,"href":"https:\/\/www.europesays.com\/pt\/wp-json\/wp\/v2\/posts\/231540\/revisions"}],"wp:featuredmedia":[{"embeddable":true,"href":"https:\/\/www.europesays.com\/pt\/wp-json\/wp\/v2\/media\/231541"}],"wp:attachment":[{"href":"https:\/\/www.europesays.com\/pt\/wp-json\/wp\/v2\/media?parent=231540"}],"wp:term":[{"taxonomy":"category","embeddable":true,"href":"https:\/\/www.europesays.com\/pt\/wp-json\/wp\/v2\/categories?post=231540"},{"taxonomy":"post_tag","embeddable":true,"href":"https:\/\/www.europesays.com\/pt\/wp-json\/wp\/v2\/tags?post=231540"}],"curies":[{"name":"wp","href":"https:\/\/api.w.org\/{rel}","templated":true}]}}