{"id":231542,"date":"2026-01-16T14:44:07","date_gmt":"2026-01-16T14:44:07","guid":{"rendered":"https:\/\/www.europesays.com\/pt\/231542\/"},"modified":"2026-01-16T14:44:07","modified_gmt":"2026-01-16T14:44:07","slug":"marcia-soares-reage-a-mensagem-de-francisco-monteiro-acho-que-nao-fez-mais-do-que-a-obrigacao-dele","status":"publish","type":"post","link":"https:\/\/www.europesays.com\/pt\/231542\/","title":{"rendered":"Marcia Soares reage a mensagem de Francisco Monteiro: &#8220;Acho que n\u00e3o fez mais do que a obriga\u00e7\u00e3o dele&#8221;"},"content":{"rendered":"<p><a href=\"https:\/\/selfie.iol.pt\/famosos\/marcia-soares\/surpresa-francisco-monteiro-envia-mensagem-a-marcia-soares-e-faz-revelacao-sobre-ligacao-entre-os-dois\/20260112\/6965548dd34e0ec52ec20575\" target=\"_blank\" rel=\"nofollow noopener\">Francisco Monteiro decidiu enviar, publicamente, uma mensagem a Marcia Soares<\/a>, nas redes sociais, apoiando-a no lan\u00e7amento da marca Marcia The Collection.<\/p>\n<p>A influenciadora digital reagiu a esta demonstra\u00e7\u00e3o de carinho, no programa &#8220;V+ Fama&#8221;, do V+, exibido na manh\u00e3 desta sexta-feira, dia 16.<\/p>\n<p>&#8220;Eu acho que os amigos devem apoiar-se uns aos outros. J\u00e1 que ele pode, acho que deve, sinceramente, apoiar-me, porque sempre estive c\u00e1 para ele tamb\u00e9m. Acho que n\u00e3o fez mais do que a obriga\u00e7\u00e3o dele&#8221;, comentou, durante a videochamada realizada.<\/p>\n<p>&#8220;Quem fala assim n\u00e3o \u00e9 gago&#8221;, brincou Guilherme Castelo Branco.<\/p>\n<p>Veja, agora, o v\u00eddeo.<\/p>\n","protected":false},"excerpt":{"rendered":"Francisco Monteiro decidiu enviar, publicamente, uma mensagem a Marcia Soares, nas redes sociais, apoiando-a no lan\u00e7amento da marca&hellip;\n","protected":false},"author":2,"featured_media":231543,"comment_status":"","ping_status":"","sticky":false,"template":"","format":"standard","meta":{"footnotes":""},"categories":[145],"tags":[48,211,210,6980,114,115,980,2071,595,2038,619,32,33,1014,1315,1012,162,6972,8560],"class_list":{"0":"post-231542","1":"post","2":"type-post","3":"status-publish","4":"format-standard","5":"has-post-thumbnail","7":"category-celebridades","8":"tag-big-brother","9":"tag-celebridades","10":"tag-celebrities","11":"tag-comentadora","12":"tag-entertainment","13":"tag-entretenimento","14":"tag-famosos","15":"tag-francisco-monteiro","16":"tag-marca","17":"tag-marcia-soares","18":"tag-nacional","19":"tag-portugal","20":"tag-pt","21":"tag-reality-show","22":"tag-secret-story","23":"tag-selfie","24":"tag-tvi","25":"tag-vmais","26":"tag-vmais-fama"},"share_on_mastodon":{"url":"https:\/\/pubeurope.com\/@pt\/115905315651102900","error":""},"_links":{"self":[{"href":"https:\/\/www.europesays.com\/pt\/wp-json\/wp\/v2\/posts\/231542","targetHints":{"allow":["GET"]}}],"collection":[{"href":"https:\/\/www.europesays.com\/pt\/wp-json\/wp\/v2\/posts"}],"about":[{"href":"https:\/\/www.europesays.com\/pt\/wp-json\/wp\/v2\/types\/post"}],"author":[{"embeddable":true,"href":"https:\/\/www.europesays.com\/pt\/wp-json\/wp\/v2\/users\/2"}],"replies":[{"embeddable":true,"href":"https:\/\/www.europesays.com\/pt\/wp-json\/wp\/v2\/comments?post=231542"}],"version-history":[{"count":0,"href":"https:\/\/www.europesays.com\/pt\/wp-json\/wp\/v2\/posts\/231542\/revisions"}],"wp:featuredmedia":[{"embeddable":true,"href":"https:\/\/www.europesays.com\/pt\/wp-json\/wp\/v2\/media\/231543"}],"wp:attachment":[{"href":"https:\/\/www.europesays.com\/pt\/wp-json\/wp\/v2\/media?parent=231542"}],"wp:term":[{"taxonomy":"category","embeddable":true,"href":"https:\/\/www.europesays.com\/pt\/wp-json\/wp\/v2\/categories?post=231542"},{"taxonomy":"post_tag","embeddable":true,"href":"https:\/\/www.europesays.com\/pt\/wp-json\/wp\/v2\/tags?post=231542"}],"curies":[{"name":"wp","href":"https:\/\/api.w.org\/{rel}","templated":true}]}}