{"id":231546,"date":"2026-01-16T14:49:07","date_gmt":"2026-01-16T14:49:07","guid":{"rendered":"https:\/\/www.europesays.com\/pt\/231546\/"},"modified":"2026-01-16T14:49:07","modified_gmt":"2026-01-16T14:49:07","slug":"salve-me-do-desconhecido-ganha-data-no-streaming-veja","status":"publish","type":"post","link":"https:\/\/www.europesays.com\/pt\/231546\/","title":{"rendered":"Salve-me do Desconhecido ganha data no streaming, veja"},"content":{"rendered":"<p><strong>Springsteen: Salve-me do Desconhecido<\/strong>,\u00a0cinebiografia de\u00a0<strong>Bruce Springsteen\u00a0<\/strong>estrelada por\u00a0<strong>Jeremy Allen White<\/strong>, ganhou uma data para chegar ao streaming! Veja a seguir.<\/p>\n<p>            Continua depois da Publicidade<\/p>\n<p>    <strong>Tudo sobre o filme de Bruce Springsteen<\/strong><\/p>\n<p>Springsteen: Salve-me do Desconhecido\u00a0(ou\u00a0Deliver\u00a0Me From Nowhere)\u00a0adapta o livro hom\u00f4nimo lan\u00e7ado em 2023 e escrito por\u00a0<strong>Warren Zanes<\/strong>. A obra mostra\u00a0Bruce Springsteen e sua jornada para fazer seu sexto \u00e1lbum de est\u00fadio,\u00a0Nebraska, uma cole\u00e7\u00e3o obscura e despojada de m\u00fasicas que marcou uma nova dire\u00e7\u00e3o art\u00edstica em sua carreira.<\/p>\n<p data-gtm-vis-first-on-screen67967661_30=\"1082\" data-gtm-vis-has-fired67967661_30=\"1\" data-gtm-vis-total-visible-time67967661_30=\"100\"><strong>Scott Cooper\u00a0<\/strong>(Cora\u00e7\u00e3o Louco, O P\u00e1lido Olho Azul) ser\u00e1 o diretor. O elenco conta com\u00a0<strong>Stephen Graham<\/strong>\u00a0(Venom 3: A \u00daltima Rodada) interpretando o pai de Springsteen.\u00a0<strong>Paul Walter Hauser<\/strong>\u00a0(Divertida Mente 2) viver\u00e1 o t\u00e9cnico de guitarras Mike Batlan, e<strong>\u00a0<\/strong><strong>Odessa Young<\/strong>\u00a0(Assassination Nation)\u00a0deve interpretar o par rom\u00e2ntico de Bruce.\u00a0<strong>Jeremy Strong<\/strong>\u00a0(Succession, O Aprendiz) est\u00e1 no filme como Jon Landau, agente de Springsteen por anos.<\/p>\n<p>            Continua depois da Publicidade<\/p>\n<p>No Brasil, o filme\u00a0estreou em 2025, e chega ao <strong>Disney+\u00a0<\/strong>em\u00a0<strong>23 de janeiro<\/strong>.<\/p>\n","protected":false},"excerpt":{"rendered":"Springsteen: Salve-me do Desconhecido,\u00a0cinebiografia de\u00a0Bruce Springsteen\u00a0estrelada por\u00a0Jeremy Allen White, ganhou uma data para chegar ao streaming! Veja a&hellip;\n","protected":false},"author":2,"featured_media":231547,"comment_status":"","ping_status":"","sticky":false,"template":"","format":"standard","meta":{"footnotes":""},"categories":[140],"tags":[114,115,147,148,146,32,33],"class_list":{"0":"post-231546","1":"post","2":"type-post","3":"status-publish","4":"format-standard","5":"has-post-thumbnail","7":"category-filmes","8":"tag-entertainment","9":"tag-entretenimento","10":"tag-film","11":"tag-filmes","12":"tag-movies","13":"tag-portugal","14":"tag-pt"},"share_on_mastodon":{"url":"https:\/\/pubeurope.com\/@pt\/115905335474490807","error":""},"_links":{"self":[{"href":"https:\/\/www.europesays.com\/pt\/wp-json\/wp\/v2\/posts\/231546","targetHints":{"allow":["GET"]}}],"collection":[{"href":"https:\/\/www.europesays.com\/pt\/wp-json\/wp\/v2\/posts"}],"about":[{"href":"https:\/\/www.europesays.com\/pt\/wp-json\/wp\/v2\/types\/post"}],"author":[{"embeddable":true,"href":"https:\/\/www.europesays.com\/pt\/wp-json\/wp\/v2\/users\/2"}],"replies":[{"embeddable":true,"href":"https:\/\/www.europesays.com\/pt\/wp-json\/wp\/v2\/comments?post=231546"}],"version-history":[{"count":0,"href":"https:\/\/www.europesays.com\/pt\/wp-json\/wp\/v2\/posts\/231546\/revisions"}],"wp:featuredmedia":[{"embeddable":true,"href":"https:\/\/www.europesays.com\/pt\/wp-json\/wp\/v2\/media\/231547"}],"wp:attachment":[{"href":"https:\/\/www.europesays.com\/pt\/wp-json\/wp\/v2\/media?parent=231546"}],"wp:term":[{"taxonomy":"category","embeddable":true,"href":"https:\/\/www.europesays.com\/pt\/wp-json\/wp\/v2\/categories?post=231546"},{"taxonomy":"post_tag","embeddable":true,"href":"https:\/\/www.europesays.com\/pt\/wp-json\/wp\/v2\/tags?post=231546"}],"curies":[{"name":"wp","href":"https:\/\/api.w.org\/{rel}","templated":true}]}}