{"id":231548,"date":"2026-01-16T14:50:11","date_gmt":"2026-01-16T14:50:11","guid":{"rendered":"https:\/\/www.europesays.com\/pt\/231548\/"},"modified":"2026-01-16T14:50:11","modified_gmt":"2026-01-16T14:50:11","slug":"como-o-vinho-do-porto-thiago-silva-baralha-as-contas-de-farioli","status":"publish","type":"post","link":"https:\/\/www.europesays.com\/pt\/231548\/","title":{"rendered":"Como o vinho do Porto. Thiago Silva baralha as contas de Farioli"},"content":{"rendered":"<p>Um verdadeiro refor\u00e7o de inverno e como o vinho do Porto, cada vez melhor com o passar dos anos. Foi assim que Thiago Silva se apresentou ao servi\u00e7o, na estreia pelo FC Porto, e logo num Cl\u00e1ssico frente ao Benfica, que garantiu aos drag\u00f5es a passagem \u00e0s meias finais da Ta\u00e7a de Portugal. Aos 41 anos e com apenas uma semana de trabalho, o experiente central brasileiro mostrou a classe habitual, assinando uma exibi\u00e7\u00e3o segura e prometendo baralhar as contas de Francesco Farioli.\u00a0<\/p>\n<p>Com Francisco Moura lesionado, o treinador italiano optou por deslocar Jakub Kiwior para a lateral esquerda, fazendo entrar Thiago Silva para formar dupla com Jan Bednarek no eixo defensivo, no Cl\u00e1ssico disputado no Est\u00e1dio do Drag\u00e3o.\u00a0<\/p>\n<p>Com vasta experi\u00eancia no futebol mundial, o jogador de 41 anos n\u00e3o acusou a press\u00e3o e, embora sem grande exuber\u00e2ncia, mostrou-se extremamente eficaz nas suas a\u00e7\u00f5es, como demonstram os n\u00fameros relativos ao seu rendimento em campo.\u00a0<\/p>\n<p>Segundo os dados da Playmaker, Thiago Silva venceu 100% dos duelos individuais e teve a mesma efic\u00e1cia nos lances a\u00e9reos. Ao mesmo tempo, o internacional brasileiro acumulou uma interce\u00e7\u00e3o, duas recupera\u00e7\u00f5es de bola e seis al\u00edvios, o que tamb\u00e9m ajuda a explicar o facto de a baliza de Diogo Costa ter ficado, uma vez mais nesta \u00e9poca, a zeros &#8211; sem esquecer o incr\u00edvel falhan\u00e7o de Pavlidis nos descontos.\u00a0<\/p>\n<blockquote class=\"twitter-tweet\"><p>&#13;<\/p>\n<p dir=\"ltr\" lang=\"pt\">N\u00fameros na estreia de \ud83c\udde7\ud83c\uddf7Thiago Silva:<br \/>100% duelos (3\/3)<br \/>100% duelos a\u00e9reos (2\/2)<br \/>93% passes certos (40\/43)<br \/>1 interce\u00e7\u00e3o<br \/>2 recupera\u00e7\u00f5es de bola<br \/>6 al\u00edvios<br \/>53 toques na bola (m\u00e1x. FCP)<br \/>3 perdas de bola (o m\u00ednimo de um t\u00edtular) <a href=\"https:\/\/t.co\/C2zDhPj0Zi\" rel=\"nofollow\">pic.twitter.com\/C2zDhPj0Zi<\/a><\/p>\n<p>&#13;<br \/>\n                                                    \u2014 Playmaker (@playmaker_PT) <a href=\"https:\/\/twitter.com\/playmaker_PT\/status\/2011590153404629057?ref_src=twsrc%5Etfw\" rel=\"nofollow noopener\" target=\"_blank\">January 15, 2026<\/a><\/p><\/blockquote>\n<p>                                                    Elogios de Farioli\u00a0<\/p>\n<p>Ap\u00f3s o apito final no Cl\u00e1ssico, e depois de cumprir os 90 minutos, Thiago Silva mostrou-se radiante com a vit\u00f3ria na sua estreia, festejando, de resto, com velhos conhecidos como Helton ou Rubens J\u00fanior, antigos jogadores do FC Porto.\u00a0<\/p>\n<blockquote class=\"instagram-media\" style=\"background: #FFF; border: 0; border-radius: 3px; box-shadow: 0 0 1px 0 rgba(0,0,0,0.5),0 1px 10px 0 rgba(0,0,0,0.15); margin: 1px; max-width: 540px; min-width: 326px; padding: 0; width: calc(100% - 2px);\" data-instgrm-captioned=\"\" data-instgrm-permalink=\"https:\/\/www.instagram.com\/reel\/DTg2M4kivkK\/?utm_source=ig_embed&amp;utm_campaign=loading\" data-instgrm-version=\"14\"><p>&#13;<br \/>\n                                                    &#13;\n                                                    <\/p><\/blockquote>\n<p>O defesa brasileiro tamb\u00e9m foi alvo dos elogios do treinador Francesco Farioli, que foi convidado a comentar a exibi\u00e7\u00e3o de Thiago Silva em confer\u00eancia de imprensa.\u00a0<\/p>\n<p>\u201cO Thiago regressou numa excelente forma f\u00edsica. Jogou v\u00e1rios jogos no Brasil e entrou muito bem, interligou-se com a equipa, esteve bem defensivamente, ajudou com a sua capacidade de lideran\u00e7a, confian\u00e7a e calma. Estamos muito felizes e vamos continuar a precisar dele, porque o Bednarek apresentou algumas queixas&#8221;, destacou o t\u00e9cnico italiano.\u00a0<\/p>\n<p>                                                    Via aberta para a titularidade em Guimar\u00e3es<\/p>\n<p>Precisamente devido \u00e0s queixas f\u00edsicas de Jan Bednarek, que teve de ser substitu\u00eddo frente ao Benfica, e \u00e0 mazela de Martim Fernandes, que partiu o nariz, a titularidade de Thiago Silva no pr\u00f3ximo jogo do FC Porto, na &#8216;casa&#8217; do Vit\u00f3ria SC, \u00e9 altamente prov\u00e1vel.\u00a0<\/p>\n<p>Perante o bom rendimento no Drag\u00e3o, o ex-Fluminense deu passos firmes no sentido de tamb\u00e9m ser titular na visita a Guimar\u00e3es, para o campeonato, agendada para domingo.\u00a0<\/p>\n<p>Isto, tamb\u00e9m, por conta da les\u00e3o de Francisco Moura, cujo regresso \u00e0 competi\u00e7\u00e3o ainda est\u00e1 por conhecer, apesar de j\u00e1 ter evolu\u00eddo para treino condicionado.\u00a0<\/p>\n<p>Assim sendo, e mesmo que Bednarek e Martim Fernandes sejam dados como aptos pelo departamento m\u00e9dico, Thiago Silva pode voltar a ser aposta de Farioli, que at\u00e9 pode repetir a linha defensiva que apresentou frente ao Benfica.\u00a0<\/p>\n<p>                                                    Rea\u00e7\u00e3o nas redes sociais\u00a0<\/p>\n<p>Thiago Silva n\u00e3o deixou de assinalar a estreia pelo FC Porto atrav\u00e9s de uma mensagem nas redes sociais, agradecendo a forma como foi acolhido no grupo e pelos adeptos portistas.\u00a0<\/p>\n<p>&#8220;Que noite, portistas! Obrigado por me receberem t\u00e3o bem. Que energia! Que esp\u00edrito de equipa. Foi tudo muito incr\u00edvel!&#8221;, escreve o jogador brasileiro.<\/p>\n<blockquote class=\"twitter-tweet\"><p>&#13;<\/p>\n<p dir=\"ltr\" lang=\"pt\">que noite portistas, obrigado por me receberem t\u00e3o bem \ud83e\udef6. que energia! Que esp\u00edrito de equipe. foi tudo muito incrivel ! seguimos <a href=\"https:\/\/t.co\/15IC1s57Re\" rel=\"nofollow\">pic.twitter.com\/15IC1s57Re<\/a><\/p>\n<p>&#13;<br \/>\n                                                    \u2014 Thiago Silva (@tsilva3) <a href=\"https:\/\/twitter.com\/tsilva3\/status\/2011587327450329430?ref_src=twsrc%5Etfw\" rel=\"nofollow noopener\" target=\"_blank\">January 14, 2026<\/a><\/p><\/blockquote>\n<p>Recorde-se que Thiago Silva assinou pelo FC Porto at\u00e9 final da temporada, com outra \u00e9poca de op\u00e7\u00e3o, na condi\u00e7\u00e3o de jogador livre. No entanto, o defesa natural do Rio de Janeiro j\u00e1 havia vestido a camisola da equipa B portista, na temporada de 2004\/2005.\u00a0<\/p>\n<p>                                                    <img decoding=\"async\" height=\"640\" with=\"360\" src=\"https:\/\/www.europesays.com\/pt\/wp-content\/uploads\/2026\/01\/naom_6968971589f35.jpg\" border=\"0\" alt=\"O momento (arrepiante) nas bancadas do Drag\u00e3o ap\u00f3s o FC Porto-Benfica\"\/><\/p>\n<p>Porto Sentido, m\u00fasica de Rui Veloso, foi a banda sonora escolhida para um momento de comunh\u00e3o entre adeptos e jogadores ap\u00f3s a vit\u00f3ria do FC Porto frente ao rival Benfica.<\/p>\n<p>                                                     Not\u00edcias ao Minuto | 07:29 &#8211; 15\/01\/2026 <\/p>\n<p>                                            <script async src=\"https:\/\/platform.twitter.com\/widgets.js\" charset=\"utf-8\"><\/script><script async src=\"\/\/www.instagram.com\/embed.js\"><\/script><\/p>\n","protected":false},"excerpt":{"rendered":"Um verdadeiro refor\u00e7o de inverno e como o vinho do Porto, cada vez melhor com o passar dos&hellip;\n","protected":false},"author":2,"featured_media":231549,"comment_status":"","ping_status":"","sticky":false,"template":"","format":"standard","meta":{"footnotes":""},"categories":[87],"tags":[135,32,33,134],"class_list":{"0":"post-231548","1":"post","2":"type-post","3":"status-publish","4":"format-standard","5":"has-post-thumbnail","7":"category-desporto","8":"tag-desporto","9":"tag-portugal","10":"tag-pt","11":"tag-sports"},"share_on_mastodon":{"url":"https:\/\/pubeurope.com\/@pt\/115905339287425698","error":""},"_links":{"self":[{"href":"https:\/\/www.europesays.com\/pt\/wp-json\/wp\/v2\/posts\/231548","targetHints":{"allow":["GET"]}}],"collection":[{"href":"https:\/\/www.europesays.com\/pt\/wp-json\/wp\/v2\/posts"}],"about":[{"href":"https:\/\/www.europesays.com\/pt\/wp-json\/wp\/v2\/types\/post"}],"author":[{"embeddable":true,"href":"https:\/\/www.europesays.com\/pt\/wp-json\/wp\/v2\/users\/2"}],"replies":[{"embeddable":true,"href":"https:\/\/www.europesays.com\/pt\/wp-json\/wp\/v2\/comments?post=231548"}],"version-history":[{"count":0,"href":"https:\/\/www.europesays.com\/pt\/wp-json\/wp\/v2\/posts\/231548\/revisions"}],"wp:featuredmedia":[{"embeddable":true,"href":"https:\/\/www.europesays.com\/pt\/wp-json\/wp\/v2\/media\/231549"}],"wp:attachment":[{"href":"https:\/\/www.europesays.com\/pt\/wp-json\/wp\/v2\/media?parent=231548"}],"wp:term":[{"taxonomy":"category","embeddable":true,"href":"https:\/\/www.europesays.com\/pt\/wp-json\/wp\/v2\/categories?post=231548"},{"taxonomy":"post_tag","embeddable":true,"href":"https:\/\/www.europesays.com\/pt\/wp-json\/wp\/v2\/tags?post=231548"}],"curies":[{"name":"wp","href":"https:\/\/api.w.org\/{rel}","templated":true}]}}