{"id":231554,"date":"2026-01-16T14:55:12","date_gmt":"2026-01-16T14:55:12","guid":{"rendered":"https:\/\/www.europesays.com\/pt\/231554\/"},"modified":"2026-01-16T14:55:12","modified_gmt":"2026-01-16T14:55:12","slug":"canada-denuncia-cidadao-morto-durante-protestos-anti-governamentais-no-irao-atualidade","status":"publish","type":"post","link":"https:\/\/www.europesays.com\/pt\/231554\/","title":{"rendered":"Canad\u00e1 denuncia cidad\u00e3o morto durante protestos anti-governamentais no Ir\u00e3o &#8211; Atualidade"},"content":{"rendered":"<p class=\"p1\"><b>Acompanhe toda a atualidade informativa em\u00a0<\/b><a href=\"http:\/\/24noticias.sapo.pt\" rel=\"nofollow noopener\" target=\"_blank\"><b>24noticias.sapo.pt<\/b><\/a><\/p>\n<p>\u201cAcabei de saber que um cidad\u00e3o canadiano morreu no Ir\u00e3o \u00e0s m\u00e3os das autoridades iranianas\u201c, revelou a ministra dos Neg\u00f3cios Estrangeiros do Canad\u00e1, Anita Anand, na rede social X, sem fornecer detalhes sobre as circunst\u00e2ncias, o local ou a data da morte.<\/p>\n<p>Contactado pela ag\u00eancia France-Presse (AFP), o Minist\u00e9rio dos Neg\u00f3cios Estrangeiros canadiano confirmou que o cidad\u00e3o canadiano foi morto pelas autoridades iranianas durante uma manifesta\u00e7\u00e3o.<\/p>\n<p>Acusando o regime iraniano de \u201cflagrante desprezo pela vida humana\u201d, Anita Anand reiterou que o Canad\u00e1 \u201ccondena veementemente esta viol\u00eancia\u201d e exige que \u201ctermine imediatamente\u201d.<\/p>\n<p>O Minist\u00e9rio dos Neg\u00f3cios Estrangeiros do Canad\u00e1 tem tamb\u00e9m vindo a instar desde ter\u00e7a-feira os seus cidad\u00e3os presentes no Ir\u00e3o, cerca de tr\u00eas mil, a abandonarem o pa\u00eds de imediato.<\/p>\n<p>Portugal determinou na quarta-feira o encerramento tempor\u00e1rio da embaixada no Ir\u00e3o, segundo uma nota hoje divulgada pela diplomacia de Lisboa, indicando que \u201ctodos os portugueses naquele pa\u00eds foram contactados, tendo oito cidad\u00e3os nacionais j\u00e1 abandonado territ\u00f3rio iraniano\u201d.<\/p>\n<p>O minist\u00e9rio portugu\u00eas informou que \u201calguns cidad\u00e3os\u201d est\u00e3o em processo de sa\u00edda, sem adiantar mais pormenores por motivos de seguran\u00e7a.<\/p>\n<p>Dez cidad\u00e3os nacionais, \u201csete dos quais det\u00eam dupla nacionalidade, portuguesa e iraniana, quiseram permanecer no pa\u00eds\u201d, acrescentou a nota informativa, que desaconselhou \u201ctodas e quaisquer viagens ao Ir\u00e3o\u201d.<\/p>\n<p>O Ir\u00e3o est\u00e1 a ser agitado por uma nova vaga de protestos desde 28 de dezembro, iniciada em Teer\u00e3o por comerciantes e setores econ\u00f3micos afetados pelo colapso do rial, a moeda iraniana, e pela elevada infla\u00e7\u00e3o, alastrando-se depois a mais de 100 cidades do pa\u00eds.<\/p>\n<p class=\"p1\">__<\/p>\n<p class=\"p1\"><b>A sua newsletter de sempre, agora ainda mais \u00fatil<\/b><\/p>\n<p class=\"p1\">Com o lan\u00e7amento da nova marca de informa\u00e7\u00e3o\u00a0<b>24not\u00edcias<\/b>, estamos a mudar a plataforma de newsletters, aproveitando para refor\u00e7ar a informa\u00e7\u00e3o que os leitores mais valorizam:\u00a0<b>a que lhes \u00e9 \u00fatil, ajuda a tomar decis\u00f5es e a entender o mundo.<\/b><\/p>\n<p class=\"p1\"><b>Assine a nova newsletter do 24not\u00edcias\u00a0<\/b><a href=\"https:\/\/sapo.us1.list-manage.com\/subscribe?u=8f49263740b14ab5854be8045&amp;id=57a39c5e8f\" rel=\"nofollow noopener\" target=\"_blank\"><b>aqui<\/b><\/a><b>.<\/b><\/p>\n","protected":false},"excerpt":{"rendered":"Acompanhe toda a atualidade informativa em\u00a024noticias.sapo.pt \u201cAcabei de saber que um cidad\u00e3o canadiano morreu no Ir\u00e3o \u00e0s m\u00e3os&hellip;\n","protected":false},"author":2,"featured_media":231555,"comment_status":"","ping_status":"","sticky":false,"template":"","format":"standard","meta":{"footnotes":""},"categories":[50],"tags":[27,28,15,16,14,25,26,21,22,62,12,13,19,20,23,24,17,18,29,30,31,63,64,65],"class_list":{"0":"post-231554","1":"post","2":"type-post","3":"status-publish","4":"format-standard","5":"has-post-thumbnail","7":"category-mundo","8":"tag-breaking-news","9":"tag-breakingnews","10":"tag-featured-news","11":"tag-featurednews","12":"tag-headlines","13":"tag-latest-news","14":"tag-latestnews","15":"tag-main-news","16":"tag-mainnews","17":"tag-mundo","18":"tag-news","19":"tag-noticias","20":"tag-noticias-principais","21":"tag-noticiasprincipais","22":"tag-principais-noticias","23":"tag-principaisnoticias","24":"tag-top-stories","25":"tag-topstories","26":"tag-ultimas","27":"tag-ultimas-noticias","28":"tag-ultimasnoticias","29":"tag-world","30":"tag-world-news","31":"tag-worldnews"},"share_on_mastodon":{"url":"https:\/\/pubeurope.com\/@pt\/115905359079493933","error":""},"_links":{"self":[{"href":"https:\/\/www.europesays.com\/pt\/wp-json\/wp\/v2\/posts\/231554","targetHints":{"allow":["GET"]}}],"collection":[{"href":"https:\/\/www.europesays.com\/pt\/wp-json\/wp\/v2\/posts"}],"about":[{"href":"https:\/\/www.europesays.com\/pt\/wp-json\/wp\/v2\/types\/post"}],"author":[{"embeddable":true,"href":"https:\/\/www.europesays.com\/pt\/wp-json\/wp\/v2\/users\/2"}],"replies":[{"embeddable":true,"href":"https:\/\/www.europesays.com\/pt\/wp-json\/wp\/v2\/comments?post=231554"}],"version-history":[{"count":0,"href":"https:\/\/www.europesays.com\/pt\/wp-json\/wp\/v2\/posts\/231554\/revisions"}],"wp:featuredmedia":[{"embeddable":true,"href":"https:\/\/www.europesays.com\/pt\/wp-json\/wp\/v2\/media\/231555"}],"wp:attachment":[{"href":"https:\/\/www.europesays.com\/pt\/wp-json\/wp\/v2\/media?parent=231554"}],"wp:term":[{"taxonomy":"category","embeddable":true,"href":"https:\/\/www.europesays.com\/pt\/wp-json\/wp\/v2\/categories?post=231554"},{"taxonomy":"post_tag","embeddable":true,"href":"https:\/\/www.europesays.com\/pt\/wp-json\/wp\/v2\/tags?post=231554"}],"curies":[{"name":"wp","href":"https:\/\/api.w.org\/{rel}","templated":true}]}}