{"id":231556,"date":"2026-01-16T14:56:14","date_gmt":"2026-01-16T14:56:14","guid":{"rendered":"https:\/\/www.europesays.com\/pt\/231556\/"},"modified":"2026-01-16T14:56:14","modified_gmt":"2026-01-16T14:56:14","slug":"ainda-nao-sabe-em-quem-votar-faca-o-quiz-do-expresso-tire-as-ultimas-duvidas-e-ouca-todos-os-debates-presidenciais-em-podcast","status":"publish","type":"post","link":"https:\/\/www.europesays.com\/pt\/231556\/","title":{"rendered":"Ainda n\u00e3o sabe em quem votar? Fa\u00e7a o quiz do Expresso, tire as \u00faltimas d\u00favidas e ou\u00e7a todos os debates presidenciais em podcast"},"content":{"rendered":"<p>Em janeiro, os portugueses voltam \u00e0s urnas para escolher o novo Presidente da Rep\u00fablica. Tal como nas Aut\u00e1rquicas, Legislativas e Europeias, a corrida a Bel\u00e9m acelera com uma s\u00e9rie de debates entre os principais candidatos que poder\u00e1 acompanhar tamb\u00e9m em podcast a partir de 17 de novembro.<\/p>\n<p class=\"category\"><a href=\"https:\/\/expresso.pt\/politica\/eleicoes\/presidenciais-2026\" rel=\"nofollow noopener\" target=\"_blank\">Presidenciais 2026<\/a><\/p>\n<p class=\"follow-link\"><a href=\"https:\/\/expresso.pt\/politica\/eleicoes\/presidenciais-2026\/2026-01-12-espelho-meu-ha-algum-presidente-como-eu--descubra-aqui-com-qual-candidato-se-identifica-mais-95785f96\" rel=\"canonical nofollow noopener\" target=\"_blank\">Leia tamb\u00e9m<\/a><\/p>\n<p>Pedro Pina &#8211; RTP<\/p>\n<p class=\"category\"><a href=\"https:\/\/expresso.pt\/podcasts\/presidenciais-2026-todos-os-debates\" rel=\"nofollow noopener\" target=\"_blank\">Presidenciais 2026: Todos os Debates<\/a><\/p>\n<p class=\"follow-link\"><a href=\"https:\/\/expresso.pt\/podcasts\/presidenciais-2026-todos-os-debates\/2025-12-12-luis-marques-mendes-vs-catarina-martins-oica-o-debate-entre-os-candidatos-do-psd-e-bloco-de-esquerda-04d115af\" rel=\"canonical nofollow noopener\" target=\"_blank\">Leia tamb\u00e9m<\/a><\/p>\n<p>Toda a informa\u00e7\u00e3o em perman\u00eancia, com a opini\u00e3o mais esclarecida, e os confrontos que podem decidir as elei\u00e7\u00f5es. Oi\u00e7a no site da SIC, SIC Not\u00edcias e Expresso, e subscreva em qualquer plataforma de podcasts.<\/p>\n","protected":false},"excerpt":{"rendered":"Em janeiro, os portugueses voltam \u00e0s urnas para escolher o novo Presidente da Rep\u00fablica. Tal como nas Aut\u00e1rquicas,&hellip;\n","protected":false},"author":2,"featured_media":231557,"comment_status":"","ping_status":"","sticky":false,"template":"","format":"standard","meta":{"footnotes":""},"categories":[10],"tags":[27,28,15,16,14,25,26,21,22,12,13,19,20,32,23,24,33,17,18,29,30,31],"class_list":{"0":"post-231556","1":"post","2":"type-post","3":"status-publish","4":"format-standard","5":"has-post-thumbnail","7":"category-portugal","8":"tag-breaking-news","9":"tag-breakingnews","10":"tag-featured-news","11":"tag-featurednews","12":"tag-headlines","13":"tag-latest-news","14":"tag-latestnews","15":"tag-main-news","16":"tag-mainnews","17":"tag-news","18":"tag-noticias","19":"tag-noticias-principais","20":"tag-noticiasprincipais","21":"tag-portugal","22":"tag-principais-noticias","23":"tag-principaisnoticias","24":"tag-pt","25":"tag-top-stories","26":"tag-topstories","27":"tag-ultimas","28":"tag-ultimas-noticias","29":"tag-ultimasnoticias"},"share_on_mastodon":{"url":"https:\/\/pubeurope.com\/@pt\/115905362926908587","error":""},"_links":{"self":[{"href":"https:\/\/www.europesays.com\/pt\/wp-json\/wp\/v2\/posts\/231556","targetHints":{"allow":["GET"]}}],"collection":[{"href":"https:\/\/www.europesays.com\/pt\/wp-json\/wp\/v2\/posts"}],"about":[{"href":"https:\/\/www.europesays.com\/pt\/wp-json\/wp\/v2\/types\/post"}],"author":[{"embeddable":true,"href":"https:\/\/www.europesays.com\/pt\/wp-json\/wp\/v2\/users\/2"}],"replies":[{"embeddable":true,"href":"https:\/\/www.europesays.com\/pt\/wp-json\/wp\/v2\/comments?post=231556"}],"version-history":[{"count":0,"href":"https:\/\/www.europesays.com\/pt\/wp-json\/wp\/v2\/posts\/231556\/revisions"}],"wp:featuredmedia":[{"embeddable":true,"href":"https:\/\/www.europesays.com\/pt\/wp-json\/wp\/v2\/media\/231557"}],"wp:attachment":[{"href":"https:\/\/www.europesays.com\/pt\/wp-json\/wp\/v2\/media?parent=231556"}],"wp:term":[{"taxonomy":"category","embeddable":true,"href":"https:\/\/www.europesays.com\/pt\/wp-json\/wp\/v2\/categories?post=231556"},{"taxonomy":"post_tag","embeddable":true,"href":"https:\/\/www.europesays.com\/pt\/wp-json\/wp\/v2\/tags?post=231556"}],"curies":[{"name":"wp","href":"https:\/\/api.w.org\/{rel}","templated":true}]}}