{"id":231558,"date":"2026-01-16T14:57:52","date_gmt":"2026-01-16T14:57:52","guid":{"rendered":"https:\/\/www.europesays.com\/pt\/231558\/"},"modified":"2026-01-16T14:57:52","modified_gmt":"2026-01-16T14:57:52","slug":"miguel-morgado-se-seguro-passar-a-segunda-volta-quando-a-esquerda-esta-em-ruinas-e-um-atestado-de-ausencia-de-lideranca-da-direita-toda","status":"publish","type":"post","link":"https:\/\/www.europesays.com\/pt\/231558\/","title":{"rendered":"Miguel Morgado: \u201cSe Seguro passar \u00e0 segunda volta quando a esquerda est\u00e1 em ru\u00ednas, \u00e9 um atestado de aus\u00eancia de lideran\u00e7a da direita toda\u201d"},"content":{"rendered":"<p>Com elei\u00e7\u00f5es presidenciais j\u00e1 este domingo, as sondagens continuam a apontar v\u00e1rios caminhos.<\/p>\n<p>Andr\u00e9 Ventura, Ant\u00f3nio Jos\u00e9 Seguro e Jo\u00e3o Cotrim de Figueiredo parecem ser os melhor posicionados para passar \u00e0 segunda volta. Marques Mendes, apoiado pela AD, tem dificuldades em fixar o eleitorado do seu partido. Gouveia e Melo, depois de um grande favoritismo inicial, muito antes de se conhecerem todos os candidatos, tem ficado para tr\u00e1s nas sondagens. Que resultado vai ditar este final de campanha?<\/p>\n<p>Ou\u00e7a o coment\u00e1rio de Miguel Morgado, de Cristina Rodrigues e de Carlos Guimar\u00e3es Pinto na vers\u00e3o podcast do programa Linhas Direitas, emitido na SIC Not\u00edcias a 14 de janeiro.<\/p>\n<p class=\"category\"><a href=\"https:\/\/expresso.pt\/podcasts\/bloco-central\" rel=\"nofollow noopener\" target=\"_blank\">Bloco Central<\/a><\/p>\n<p class=\"follow-link\"><a href=\"https:\/\/expresso.pt\/podcasts\/bloco-central\/2026-01-15-marques-lopes-ventura-um-dia-sera-primeiro-ministro-com-a-ajuda-de-cotrim-e-de-montenegro-se-este-nao-fizer-nada-na-segunda-volta--15e343f2\" rel=\"canonical nofollow noopener\" target=\"_blank\">Leia tamb\u00e9m<\/a><\/p>\n<p>Linhas Direitas \u00e9 um debate de ideias pol\u00edticas \u00e0 direita, com Miguel Morgado (AD), Cristina Rodrigues (Chega) e Carlos Guimar\u00e3es Pinto (Iniciativa Liberal). \u00c0 quarta-feira, na SIC Not\u00edcias, no dia seguinte em podcast<\/p>\n","protected":false},"excerpt":{"rendered":"Com elei\u00e7\u00f5es presidenciais j\u00e1 este domingo, as sondagens continuam a apontar v\u00e1rios caminhos. Andr\u00e9 Ventura, Ant\u00f3nio Jos\u00e9 Seguro&hellip;\n","protected":false},"author":2,"featured_media":96905,"comment_status":"","ping_status":"","sticky":false,"template":"","format":"standard","meta":{"footnotes":""},"categories":[8],"tags":[27,28,15,16,14,25,26,21,22,12,13,19,20,32,23,24,33,17,18,29,30,31],"class_list":{"0":"post-231558","1":"post","2":"type-post","3":"status-publish","4":"format-standard","5":"has-post-thumbnail","7":"category-principais-noticias","8":"tag-breaking-news","9":"tag-breakingnews","10":"tag-featured-news","11":"tag-featurednews","12":"tag-headlines","13":"tag-latest-news","14":"tag-latestnews","15":"tag-main-news","16":"tag-mainnews","17":"tag-news","18":"tag-noticias","19":"tag-noticias-principais","20":"tag-noticiasprincipais","21":"tag-portugal","22":"tag-principais-noticias","23":"tag-principaisnoticias","24":"tag-pt","25":"tag-top-stories","26":"tag-topstories","27":"tag-ultimas","28":"tag-ultimas-noticias","29":"tag-ultimasnoticias"},"share_on_mastodon":{"url":"https:\/\/pubeurope.com\/@pt\/115905370687301173","error":""},"_links":{"self":[{"href":"https:\/\/www.europesays.com\/pt\/wp-json\/wp\/v2\/posts\/231558","targetHints":{"allow":["GET"]}}],"collection":[{"href":"https:\/\/www.europesays.com\/pt\/wp-json\/wp\/v2\/posts"}],"about":[{"href":"https:\/\/www.europesays.com\/pt\/wp-json\/wp\/v2\/types\/post"}],"author":[{"embeddable":true,"href":"https:\/\/www.europesays.com\/pt\/wp-json\/wp\/v2\/users\/2"}],"replies":[{"embeddable":true,"href":"https:\/\/www.europesays.com\/pt\/wp-json\/wp\/v2\/comments?post=231558"}],"version-history":[{"count":0,"href":"https:\/\/www.europesays.com\/pt\/wp-json\/wp\/v2\/posts\/231558\/revisions"}],"wp:featuredmedia":[{"embeddable":true,"href":"https:\/\/www.europesays.com\/pt\/wp-json\/wp\/v2\/media\/96905"}],"wp:attachment":[{"href":"https:\/\/www.europesays.com\/pt\/wp-json\/wp\/v2\/media?parent=231558"}],"wp:term":[{"taxonomy":"category","embeddable":true,"href":"https:\/\/www.europesays.com\/pt\/wp-json\/wp\/v2\/categories?post=231558"},{"taxonomy":"post_tag","embeddable":true,"href":"https:\/\/www.europesays.com\/pt\/wp-json\/wp\/v2\/tags?post=231558"}],"curies":[{"name":"wp","href":"https:\/\/api.w.org\/{rel}","templated":true}]}}