{"id":231559,"date":"2026-01-16T14:58:07","date_gmt":"2026-01-16T14:58:07","guid":{"rendered":"https:\/\/www.europesays.com\/pt\/231559\/"},"modified":"2026-01-16T14:58:07","modified_gmt":"2026-01-16T14:58:07","slug":"ana-paula-quer-dormir-em-todas-as-camas-do-bbb-26-a-piranha-da-edicao","status":"publish","type":"post","link":"https:\/\/www.europesays.com\/pt\/231559\/","title":{"rendered":"Ana Paula quer dormir em todas as camas do BBB 26: &#8220;A piranha da edi\u00e7\u00e3o&#8221;"},"content":{"rendered":"<p class=\"my-5 break-words group-[.isActiveSource]:text-xl\"><strong class=\"group-[.isActiveSource]:text-xl group-[.isActiveSource]:font-bold\">Ana Paula Renault<\/strong> divertiu os brothers ao falar sobre os planos de dormir em todas as camas do <strong class=\"group-[.isActiveSource]:text-xl group-[.isActiveSource]:font-bold\">BBB 26<\/strong>. Atualmente os confinados fazem um rod\u00edzio, j\u00e1 que o m\u00f3vel n\u00e3o foi colocado em quantidade suficiente para todos.<\/p>\n<p class=\"my-5 break-words group-[.isActiveSource]:text-xl\">&#8220;Eu vou ter que cada dia dormir em uma cama. <strong class=\"group-[.isActiveSource]:text-xl group-[.isActiveSource]:font-bold\">Sou a piranha da edi\u00e7\u00e3o<\/strong>. Enquanto n\u00e3o dormir com todo mundo, n\u00e3o deitar em toda cama, eu n\u00e3o sossego&#8221;, disparou, no papo \u00e0 beira da piscina com o <a href=\"https:\/\/www.cnnbrasil.com.br\/entretenimento\/bbb-26-conheca-os-participantes-do-grupo-pipoca\/\" target=\"_blank\" rel=\"noopener noreferrer nofollow\" class=\"text-red-600 underline hover:text-red-500 font-medium break-words group-[.isActiveSource]:text-xl\">grupo dos Pipocas<\/a>.<\/p>\n<p class=\"my-5 break-words group-[.isActiveSource]:text-xl\">&#8220;Qual o objetivo? <strong class=\"group-[.isActiveSource]:text-xl group-[.isActiveSource]:font-bold\">Dormir nas 21 camas, esfregar minha bunda em 21 len\u00e7\u00f3is diferentes<\/strong>, deixar cheiro meu em tudo. Seja amigo, seja inimigo, vai ter que cheirar meu sovaco. Meu sovaco no seu len\u00e7ol&#8221;, continuou.<\/p>\n<p class=\"my-5 break-words group-[.isActiveSource]:text-xl\">Ana Paula <a href=\"https:\/\/www.cnnbrasil.com.br\/entretenimento\/bbb\/big-fone-toca-e-da-inicio-ao-paredao-veja-destaques-do-4o-dia-do-bbb-26\/\" target=\"_blank\" rel=\"noopener noreferrer nofollow\" class=\"text-red-600 underline hover:text-red-500 font-medium break-words group-[.isActiveSource]:text-xl\">est\u00e1 no primeiro Pared\u00e3o<\/a> do BBB 26 ap\u00f3s ter sido <a href=\"https:\/\/www.cnnbrasil.com.br\/entretenimento\/bbb\/bbb-26-aline-campos-conversa-com-ana-paula-voce-nao-me-olha-nem-no-olho\/\" target=\"_blank\" rel=\"noopener noreferrer nofollow\" class=\"text-red-600 underline hover:text-red-500 font-medium break-words group-[.isActiveSource]:text-xl\">indicada por <strong class=\"group-[.isActiveSource]:text-xl group-[.isActiveSource]:font-bold\">Aline Campos<\/strong><\/a> no Contragolpe. A atriz foi indicada por Marcelo Alves, que <a href=\"https:\/\/www.cnnbrasil.com.br\/entretenimento\/bbb\/bbb-26-marcelo-atende-o-primeiro-big-fone-e-indica-aline-ao-paredao\/\" target=\"_blank\" rel=\"noopener noreferrer nofollow\" class=\"text-red-600 underline hover:text-red-500 font-medium break-words group-[.isActiveSource]:text-xl\">atendeu ao Big Fone<\/a>.<\/p>\n","protected":false},"excerpt":{"rendered":"Ana Paula Renault divertiu os brothers ao falar sobre os planos de dormir em todas as camas do&hellip;\n","protected":false},"author":2,"featured_media":231560,"comment_status":"","ping_status":"","sticky":false,"template":"","format":"standard","meta":{"footnotes":""},"categories":[145],"tags":[211,210,114,115,32,33],"class_list":{"0":"post-231559","1":"post","2":"type-post","3":"status-publish","4":"format-standard","5":"has-post-thumbnail","7":"category-celebridades","8":"tag-celebridades","9":"tag-celebrities","10":"tag-entertainment","11":"tag-entretenimento","12":"tag-portugal","13":"tag-pt"},"share_on_mastodon":{"url":"https:\/\/pubeurope.com\/@pt\/115905370767099896","error":""},"_links":{"self":[{"href":"https:\/\/www.europesays.com\/pt\/wp-json\/wp\/v2\/posts\/231559","targetHints":{"allow":["GET"]}}],"collection":[{"href":"https:\/\/www.europesays.com\/pt\/wp-json\/wp\/v2\/posts"}],"about":[{"href":"https:\/\/www.europesays.com\/pt\/wp-json\/wp\/v2\/types\/post"}],"author":[{"embeddable":true,"href":"https:\/\/www.europesays.com\/pt\/wp-json\/wp\/v2\/users\/2"}],"replies":[{"embeddable":true,"href":"https:\/\/www.europesays.com\/pt\/wp-json\/wp\/v2\/comments?post=231559"}],"version-history":[{"count":0,"href":"https:\/\/www.europesays.com\/pt\/wp-json\/wp\/v2\/posts\/231559\/revisions"}],"wp:featuredmedia":[{"embeddable":true,"href":"https:\/\/www.europesays.com\/pt\/wp-json\/wp\/v2\/media\/231560"}],"wp:attachment":[{"href":"https:\/\/www.europesays.com\/pt\/wp-json\/wp\/v2\/media?parent=231559"}],"wp:term":[{"taxonomy":"category","embeddable":true,"href":"https:\/\/www.europesays.com\/pt\/wp-json\/wp\/v2\/categories?post=231559"},{"taxonomy":"post_tag","embeddable":true,"href":"https:\/\/www.europesays.com\/pt\/wp-json\/wp\/v2\/tags?post=231559"}],"curies":[{"name":"wp","href":"https:\/\/api.w.org\/{rel}","templated":true}]}}