{"id":231565,"date":"2026-01-16T15:04:08","date_gmt":"2026-01-16T15:04:08","guid":{"rendered":"https:\/\/www.europesays.com\/pt\/231565\/"},"modified":"2026-01-16T15:04:08","modified_gmt":"2026-01-16T15:04:08","slug":"presidente-do-besiktas-admite-rafa-no-benfica-e-fiorentina-pensa-em-ex-f-c-porto","status":"publish","type":"post","link":"https:\/\/www.europesays.com\/pt\/231565\/","title":{"rendered":"Presidente do Besiktas admite Rafa no Benfica e Fiorentina pensa em ex-F. C. Porto"},"content":{"rendered":"<p data-remotead-prev-elm=\"true\" data-remotead-elm-id=\"inread\"><strong>Benfica<\/strong>: Serdar Adali, presidente do Besiktas, confirmou que o clube turco recebeu uma proposta dos encarnados por Rafa Silva, jogador que pretende deixar o emblema de Istambul e n\u00e3o joga desde o in\u00edcio de novembro. &#8220;Fizeram uma uma proposta por Rafa Silva. Se recebermos o que queremos, ele jogar\u00e1 no Benfica. Se essa oferta n\u00e3o chegar, o Rafa Silva ficar\u00e1 aqui. O valor que pagarmos n\u00e3o \u00e9 muito importante para n\u00f3s. Ele ficar\u00e1 e continuar\u00e1 a sua vida como jogador do Besiktas&#8221;, afirmou o dirigente.<\/p>\n<p><strong>Fiorentina<\/strong>: De acordo com o jornalista Nicol\u00f2 Schira, o emblema italiano da Serie A ter\u00e1 tentado obter informa\u00e7\u00f5es sobre o defesa-central portugu\u00eas, Diogo Leite, de 26 anos, que est\u00e1 neste momento livre para assinar um pr\u00e9-acordo com qualquer clube e, assim, sair a custo zero no final da temporada.<\/p>\n<p><strong>Roma<\/strong>: O internacional neerland\u00eas Donyell Malen \u00e9 refor\u00e7o dos italianos at\u00e9 final da \u00e9poca, por empr\u00e9stimo, com op\u00e7\u00e3o de compra, do Aston Villa.<\/p>\n<p data-remotead-prev-elm=\"true\" data-remotead-elm-id=\"centro1\"><strong>Manchester United<\/strong>: Bruno Fernandes, capit\u00e3o e um dos jogadores mais influentes dos &#8220;red devils&#8221; poder\u00e1 n\u00e3o estar presente no plantel principal j\u00e1 a partir da pr\u00f3xima \u00e9poca. De acordo com a informa\u00e7\u00e3o avan\u00e7ada esta sexta-feira na edi\u00e7\u00e3o online do &#8220;The Sun&#8221;, o m\u00e9dio internacional portugu\u00eas de 31 anos vai avaliar a sua continuidade no clube no final da temporada.<\/p>\n<p><strong>Pa\u00edses Baixos<\/strong>: O treinador e ex-futebolista Ruud van Nistelrooy ser\u00e1 adjunto do selecionador Ronald Koeman na sele\u00e7\u00e3o holandesa a partir de fevereiro.<\/p>\n<p><strong>Alverca<\/strong>: Os ribatejanos oficializaram a contrata\u00e7\u00e3o do m\u00e9dio marroquino Zakaria Kassary, de 19 anos, por empr\u00e9stimo do Union Touarga, de Marrocos, at\u00e9 ao final da presente temporada.<\/p>\n<p><strong>Moreirense<\/strong>: O treinador dos c\u00f3negos, Vasco Botelho da Costa, confirmou as sa\u00eddas do avan\u00e7ado Schettine, melhor marcador da equipa, e do defesa Marcelo, tendo admitido refor\u00e7os no mercado de inverno em curso. O avan\u00e7ado brasileiro, de 30 anos, vai rumar ao Tianjin Jinmen Tiger, da China. O defesa, de 36 anos, at\u00e9 agora capit\u00e3o do Moreirense, est\u00e1 a caminho da Uni\u00e3o de Leiria.<\/p>\n","protected":false},"excerpt":{"rendered":"Benfica: Serdar Adali, presidente do Besiktas, confirmou que o clube turco recebeu uma proposta dos encarnados por Rafa&hellip;\n","protected":false},"author":2,"featured_media":231566,"comment_status":"","ping_status":"","sticky":false,"template":"","format":"standard","meta":{"footnotes":""},"categories":[87],"tags":[42062,51,437,5532,135,26787,524,32,33,134],"class_list":{"0":"post-231565","1":"post","2":"type-post","3":"status-publish","4":"format-standard","5":"has-post-thumbnail","7":"category-desporto","8":"tag-ataque-ao-mercado","9":"tag-benfica","10":"tag-besiktas","11":"tag-bruno-fernandes","12":"tag-desporto","13":"tag-fiorentina","14":"tag-futebol","15":"tag-portugal","16":"tag-pt","17":"tag-sports"},"share_on_mastodon":{"url":"https:\/\/pubeurope.com\/@pt\/115905394364910184","error":""},"_links":{"self":[{"href":"https:\/\/www.europesays.com\/pt\/wp-json\/wp\/v2\/posts\/231565","targetHints":{"allow":["GET"]}}],"collection":[{"href":"https:\/\/www.europesays.com\/pt\/wp-json\/wp\/v2\/posts"}],"about":[{"href":"https:\/\/www.europesays.com\/pt\/wp-json\/wp\/v2\/types\/post"}],"author":[{"embeddable":true,"href":"https:\/\/www.europesays.com\/pt\/wp-json\/wp\/v2\/users\/2"}],"replies":[{"embeddable":true,"href":"https:\/\/www.europesays.com\/pt\/wp-json\/wp\/v2\/comments?post=231565"}],"version-history":[{"count":0,"href":"https:\/\/www.europesays.com\/pt\/wp-json\/wp\/v2\/posts\/231565\/revisions"}],"wp:featuredmedia":[{"embeddable":true,"href":"https:\/\/www.europesays.com\/pt\/wp-json\/wp\/v2\/media\/231566"}],"wp:attachment":[{"href":"https:\/\/www.europesays.com\/pt\/wp-json\/wp\/v2\/media?parent=231565"}],"wp:term":[{"taxonomy":"category","embeddable":true,"href":"https:\/\/www.europesays.com\/pt\/wp-json\/wp\/v2\/categories?post=231565"},{"taxonomy":"post_tag","embeddable":true,"href":"https:\/\/www.europesays.com\/pt\/wp-json\/wp\/v2\/tags?post=231565"}],"curies":[{"name":"wp","href":"https:\/\/api.w.org\/{rel}","templated":true}]}}