{"id":231568,"date":"2026-01-16T15:08:15","date_gmt":"2026-01-16T15:08:15","guid":{"rendered":"https:\/\/www.europesays.com\/pt\/231568\/"},"modified":"2026-01-16T15:08:15","modified_gmt":"2026-01-16T15:08:15","slug":"jornalistas-da-visao-ja-angariaram-126-mil-euros-para-salvar-a-revista-venda-apontada-para-marco-ou-abril","status":"publish","type":"post","link":"https:\/\/www.europesays.com\/pt\/231568\/","title":{"rendered":"Jornalistas da &#8220;Vis\u00e3o&#8221; j\u00e1 angariaram 126 mil euros para salvar a revista, venda apontada para mar\u00e7o ou abril"},"content":{"rendered":"<p>A campanha de angaria\u00e7\u00e3o de fundos lan\u00e7ada h\u00e1 uma semana pelos 12 jornalistas que continuam a assegurar a publica\u00e7\u00e3o da revista \u201cVis\u00e3o\u201d j\u00e1 tinha permitido, esta quinta-feira pelas 18h, obter 126 mil euros. Este valor corresponde a 64% dos 200 mil euros que foram definidos como objetivo.<\/p>\n<p><a href=\"https:\/\/expresso.pt\/subscrever?action=GEN&amp;channel=BAF&amp;type=CAP&amp;source=WEB&amp;returnUrl=https:\/\/expresso.pt\/economia\/2026-01-15-jornalistas-da-visao-ja-angariaram-126-mil-euros-para-salvar-a-revista-venda-apontada-para-marco-ou-abril-f7db458e&amp;utm_source=expresso&amp;utm_medium=locked_article&amp;locked=true&amp;article_id=c55d2e96-21d8-474e-b312-b9c175ec73ef&amp;author_id=Pedro+Lima&amp;category=Economia\" target=\"_self\" class=\"\" rel=\"nofollow noopener\">Subscrever<\/a>J\u00e1 \u00e9 Subscritor?Fa\u00e7a login e continue a ler<a href=\"http:\/\/expresso.pt\/codigo?redirectUrl=https:\/\/expresso.pt\/economia\/2026-01-15-jornalistas-da-visao-ja-angariaram-126-mil-euros-para-salvar-a-revista-venda-apontada-para-marco-ou-abril-f7db458e\" target=\"_self\" class=\"\" rel=\"nofollow noopener\">Inserir C\u00f3digo<\/a>Comprou o Expresso?Insira o c\u00f3digo presente na Revista E para continuar a ler<\/p>\n","protected":false},"excerpt":{"rendered":"A campanha de angaria\u00e7\u00e3o de fundos lan\u00e7ada h\u00e1 uma semana pelos 12 jornalistas que continuam a assegurar a&hellip;\n","protected":false},"author":2,"featured_media":231569,"comment_status":"","ping_status":"","sticky":false,"template":"","format":"standard","meta":{"footnotes":""},"categories":[83],"tags":[88,89,90,32,33],"class_list":{"0":"post-231568","1":"post","2":"type-post","3":"status-publish","4":"format-standard","5":"has-post-thumbnail","7":"category-empresas","8":"tag-business","9":"tag-economy","10":"tag-empresas","11":"tag-portugal","12":"tag-pt"},"share_on_mastodon":{"url":"https:\/\/pubeurope.com\/@pt\/115905410240673641","error":""},"_links":{"self":[{"href":"https:\/\/www.europesays.com\/pt\/wp-json\/wp\/v2\/posts\/231568","targetHints":{"allow":["GET"]}}],"collection":[{"href":"https:\/\/www.europesays.com\/pt\/wp-json\/wp\/v2\/posts"}],"about":[{"href":"https:\/\/www.europesays.com\/pt\/wp-json\/wp\/v2\/types\/post"}],"author":[{"embeddable":true,"href":"https:\/\/www.europesays.com\/pt\/wp-json\/wp\/v2\/users\/2"}],"replies":[{"embeddable":true,"href":"https:\/\/www.europesays.com\/pt\/wp-json\/wp\/v2\/comments?post=231568"}],"version-history":[{"count":0,"href":"https:\/\/www.europesays.com\/pt\/wp-json\/wp\/v2\/posts\/231568\/revisions"}],"wp:featuredmedia":[{"embeddable":true,"href":"https:\/\/www.europesays.com\/pt\/wp-json\/wp\/v2\/media\/231569"}],"wp:attachment":[{"href":"https:\/\/www.europesays.com\/pt\/wp-json\/wp\/v2\/media?parent=231568"}],"wp:term":[{"taxonomy":"category","embeddable":true,"href":"https:\/\/www.europesays.com\/pt\/wp-json\/wp\/v2\/categories?post=231568"},{"taxonomy":"post_tag","embeddable":true,"href":"https:\/\/www.europesays.com\/pt\/wp-json\/wp\/v2\/tags?post=231568"}],"curies":[{"name":"wp","href":"https:\/\/api.w.org\/{rel}","templated":true}]}}