{"id":231570,"date":"2026-01-16T15:09:09","date_gmt":"2026-01-16T15:09:09","guid":{"rendered":"https:\/\/www.europesays.com\/pt\/231570\/"},"modified":"2026-01-16T15:09:09","modified_gmt":"2026-01-16T15:09:09","slug":"empregada-de-bar-que-se-incendiou-na-suica-desconhecia-perigos-e-nao-teve-formacao-de-seguranca","status":"publish","type":"post","link":"https:\/\/www.europesays.com\/pt\/231570\/","title":{"rendered":"Empregada de bar que se incendiou na Su\u00ed\u00e7a &#8220;desconhecia perigos e n\u00e3o teve forma\u00e7\u00e3o de seguran\u00e7a&#8221;"},"content":{"rendered":"<p class=\"category\"><a href=\"https:\/\/sicnoticias.pt\/mundo\" rel=\"nofollow noopener\" target=\"_blank\">Mundo<\/a><\/p>\n<p class=\"g-article-lead lead\" data-field=\"lead\">A jovem surge num v\u00eddeo a transportar uma garrafa de champanhe com uma vela de fa\u00edsca momentos antes de o teto se incendiar.<\/p>\n<p><img decoding=\"async\" src=\"https:\/\/www.europesays.com\/pt\/wp-content\/uploads\/2026\/01\/1768576149_223_original.webp\" alt=\"Empregada de bar que se incendiou na Su\u00ed\u00e7a &quot;desconhecia perigos e n\u00e3o teve forma\u00e7\u00e3o de seguran\u00e7a&quot;\"\/><\/p>\n<p>Stephanie Lecocq<\/p>\n<p><strong>Uma funcion\u00e1ria que morreu no inc\u00eandio fatal num bar em Crans-Montana, na Su\u00ed\u00e7a, na v\u00e9spera de Ano Novo, n\u00e3o tinha forma\u00e7\u00e3o em seguran\u00e7a e desconhecia o risco associado ao teto do edif\u00edcio, segundo a advogada da fam\u00edlia.<\/strong><\/p>\n<p>Cyane Panine, de 24 anos, morreu no inc\u00eandio que deflagrou no bar Le Constellation. A jovem surge num v\u00eddeo a usar um capacete e a transportar uma garrafa de champanhe com uma vela de fa\u00edsca, momentos antes de o teto se incendiar.<\/p>\n<p>Quarenta pessoas morreram e 116 ficaram feridas no inc\u00eandio no sudoeste da Su\u00ed\u00e7a.<\/p>\n<p>Segundo a advogada da fam\u00edlia, Sophie Haenni, Cyane n\u00e3o deveria estar a servir \u00e0s mesas naquela noite, mas foi chamada para ajudar devido \u00e0 elevada procura. A jurista garante que <strong>a jovem nunca foi informada sobre os perigos do espa\u00e7o nem recebeu qualquer forma\u00e7\u00e3o de seguran\u00e7a.<\/strong><\/p>\n<blockquote><p> &#8220;N\u00e3o foi a pr\u00f3pria Cyane que decidiu usar o capacete, foi a pedido dos seus empregadores. Ela estava apenas a fazer o seu trabalho. \u00c9 chocante atribuir a responsabilidade pelas suas pr\u00f3prias falhas a Cyane, uma jovem de 24 anos e sua pr\u00f3pria funcion\u00e1ria&#8221;, afirmou \u00e0 <a href=\"https:\/\/www.bbc.com\/news\/articles\/ckgvjnxpp9zo\" target=\"_blank\" rel=\"noopener noreferrer nofollow\">BBC<\/a>.  <\/p><\/blockquote>\n<p>Sophie Haenni acrescentou que Cyane Panine nunca foi informada &#8220;sobre o perigo do teto e n\u00e3o recebeu qualquer forma\u00e7\u00e3o de seguran\u00e7a&#8221;.<\/p>\n<p><strong>Acusa\u00e7\u00f5es aos propriet\u00e1rios do bar<\/strong><\/p>\n<p>Os propriet\u00e1rios do bar, Jacques e Jessica Moretti, de nacionalidade francesa, foram <strong>acusados pelas autoridades su\u00ed\u00e7as de homic\u00eddio negligente, ofensas corporais negligentes e inc\u00eandio criminoso negligente.<\/strong><\/p>\n<p>Uma fonte com acesso ao processo disse que Jessica Moretti afirmou aos investigadores que o uso de velas de fa\u00edsca em garrafas de champanhe era uma pr\u00e1tica habitual h\u00e1 cerca de 10 anos. <\/p>\n<blockquote><p> &#8220;N\u00e3o foi a primeira vez que ela o fez, colocando-se sobre os ombros de outra pessoa. Ela f\u00ea-lo por iniciativa pr\u00f3pria&#8221;, disse Moretti.  <\/p><\/blockquote>\n<p>A advogada da fam\u00edlia rejeita essa vers\u00e3o e sublinha que a jovem \u00e9 \u201cinequivocamente uma v\u00edtima\u201d.<\/p>\n<p><strong>\u201cMortes que poderiam ter sido evitadas\u201d<\/strong><\/p>\n<p>Num comunicado, a advogada Sophie Haenni afirma que as mortes <strong>\u201cpoderiam ter sido evitadas\u201d se as normas de seguran\u00e7a, nomeadamente no que respeita aos materiais utilizados no teto, tivessem sido cumpridas e se as inspe\u00e7\u00f5es obrigat\u00f3rias tivessem sido realizadas.<\/strong><\/p>\n<p>Os advogados da fam\u00edlia referem ainda que Cyane se sentia usada e estava insatisfeita com as condi\u00e7\u00f5es de trabalho, apontando falta de empatia por parte dos empregadores.<\/p>\n<blockquote><p> &#8220;[Cyane Panine] expressou a sua incompreens\u00e3o com a falta de empatia e compreens\u00e3o por parte dos seus empregadores&#8221;, acrescenta o comunicado.  <\/p><\/blockquote>\n<p><a href=\"https:\/\/sicnoticias.pt\/mundo\/2026-01-14-tragedia-na-suica-coproprietaria-de-bar-em-liberdade-condicional-5740b3ef?utm_source=sicnot&amp;utm_medium=search&amp;utm_campaign=WEB&amp;utm_content=\/mundo\/2026-01-14-tragedia-na-suica-coproprietaria-de-bar-em-liberdade-condicional-5740b3ef\" target=\"_self\" rel=\"nofollow noopener\">Propriet\u00e1rios do bar acusados<\/p>\n<p>Na quarta-feira, um tribunal su\u00ed\u00e7o <a href=\"https:\/\/sicnoticias.pt\/mundo\/2026-01-14-tragedia-na-suica-coproprietaria-de-bar-em-liberdade-condicional-5740b3ef?utm_source=sicnot&amp;utm_medium=search&amp;utm_campaign=WEB&amp;utm_content=\/mundo\/2026-01-14-tragedia-na-suica-coproprietaria-de-bar-em-liberdade-condicional-5740b3ef\" target=\"_blank\" rel=\"noopener noreferrer nofollow\">proibiu Jessica Moretti de sair do pa\u00eds,<\/a> considerando existir risco de fuga. A empres\u00e1ria entregou o passaporte e est\u00e1 obrigada a apresentar-se diariamente \u00e0 pol\u00edcia.<\/p>\n<p>Jacques Moretti encontra-se em pris\u00e3o preventiva por um per\u00edodo inicial de 90 dias, tamb\u00e9m por risco de fuga.<\/p>\n<p>As primeiras conclus\u00f5es da investiga\u00e7\u00e3o apontam para fogos de artif\u00edcio como origem do inc\u00eandio, que ter\u00e1 alastrado rapidamente \u00e0 espuma de isolamento ac\u00fastico do teto. As autoridades reconheceram que o bar n\u00e3o era alvo de inspe\u00e7\u00f5es de seguran\u00e7a h\u00e1 cinco anos.<\/p>\n<p>Na sequ\u00eancia da trag\u00e9dia, o cant\u00e3o su\u00ed\u00e7o de Valais proibiu o uso de engenhos pirot\u00e9cnicos em todos os espa\u00e7os p\u00fablicos fechados.<\/p>\n<p>As autoridades anunciaram ainda um pagamento de emerg\u00eancia de 10 mil francos su\u00ed\u00e7os a cada v\u00edtima (um pouco mais de 10 mil euros) e a cria\u00e7\u00e3o de um fundo para recolha de donativos.<\/p>\n","protected":false},"excerpt":{"rendered":"Mundo A jovem surge num v\u00eddeo a transportar uma garrafa de champanhe com uma vela de fa\u00edsca momentos&hellip;\n","protected":false},"author":2,"featured_media":231571,"comment_status":"","ping_status":"","sticky":false,"template":"","format":"standard","meta":{"footnotes":""},"categories":[50],"tags":[27,28,15,16,14,25,26,21,22,62,12,13,19,20,23,24,17,18,29,30,31,63,64,65],"class_list":{"0":"post-231570","1":"post","2":"type-post","3":"status-publish","4":"format-standard","5":"has-post-thumbnail","7":"category-mundo","8":"tag-breaking-news","9":"tag-breakingnews","10":"tag-featured-news","11":"tag-featurednews","12":"tag-headlines","13":"tag-latest-news","14":"tag-latestnews","15":"tag-main-news","16":"tag-mainnews","17":"tag-mundo","18":"tag-news","19":"tag-noticias","20":"tag-noticias-principais","21":"tag-noticiasprincipais","22":"tag-principais-noticias","23":"tag-principaisnoticias","24":"tag-top-stories","25":"tag-topstories","26":"tag-ultimas","27":"tag-ultimas-noticias","28":"tag-ultimasnoticias","29":"tag-world","30":"tag-world-news","31":"tag-worldnews"},"share_on_mastodon":{"url":"https:\/\/pubeurope.com\/@pt\/115905414094519664","error":""},"_links":{"self":[{"href":"https:\/\/www.europesays.com\/pt\/wp-json\/wp\/v2\/posts\/231570","targetHints":{"allow":["GET"]}}],"collection":[{"href":"https:\/\/www.europesays.com\/pt\/wp-json\/wp\/v2\/posts"}],"about":[{"href":"https:\/\/www.europesays.com\/pt\/wp-json\/wp\/v2\/types\/post"}],"author":[{"embeddable":true,"href":"https:\/\/www.europesays.com\/pt\/wp-json\/wp\/v2\/users\/2"}],"replies":[{"embeddable":true,"href":"https:\/\/www.europesays.com\/pt\/wp-json\/wp\/v2\/comments?post=231570"}],"version-history":[{"count":0,"href":"https:\/\/www.europesays.com\/pt\/wp-json\/wp\/v2\/posts\/231570\/revisions"}],"wp:featuredmedia":[{"embeddable":true,"href":"https:\/\/www.europesays.com\/pt\/wp-json\/wp\/v2\/media\/231571"}],"wp:attachment":[{"href":"https:\/\/www.europesays.com\/pt\/wp-json\/wp\/v2\/media?parent=231570"}],"wp:term":[{"taxonomy":"category","embeddable":true,"href":"https:\/\/www.europesays.com\/pt\/wp-json\/wp\/v2\/categories?post=231570"},{"taxonomy":"post_tag","embeddable":true,"href":"https:\/\/www.europesays.com\/pt\/wp-json\/wp\/v2\/tags?post=231570"}],"curies":[{"name":"wp","href":"https:\/\/api.w.org\/{rel}","templated":true}]}}