{"id":231572,"date":"2026-01-16T15:10:17","date_gmt":"2026-01-16T15:10:17","guid":{"rendered":"https:\/\/www.europesays.com\/pt\/231572\/"},"modified":"2026-01-16T15:10:17","modified_gmt":"2026-01-16T15:10:17","slug":"torre-dos-clerigos-parcialmente-evacuada","status":"publish","type":"post","link":"https:\/\/www.europesays.com\/pt\/231572\/","title":{"rendered":"Torre dos Cl\u00e9rigos parcialmente evacuada"},"content":{"rendered":"<p class=\"category\"><a href=\"https:\/\/sicnoticias.pt\/pais\" rel=\"nofollow noopener\" target=\"_blank\">Pa\u00eds<\/a><\/p>\n<p class=\"status ematualizacao\">Em atualiza\u00e7\u00e3o<\/p>\n<p class=\"g-article-lead lead\" data-field=\"lead\">Em causa estar\u00e1 um curto-circuito numa bateria situada no piso superior da torre que causou um inc\u00eandio.<\/p>\n<p><img decoding=\"async\" src=\"https:\/\/www.europesays.com\/pt\/wp-content\/uploads\/2026\/01\/1768576217_175_original.webp\" alt=\"Torre dos Cl\u00e9rigos parcialmente evacuada\"\/><\/p>\n<p>REDA&amp;CO<\/p>\n<p><strong>A Torre dos Cl\u00e9rigos foi esta sexta-feira parcialmente evacuada ao in\u00edcio da tarde devido a um foco de inc\u00eandio numa bateria no piso superior daquele monumento, revelou \u00e0 Lusa fonte da C\u00e2mara do Porto.<\/strong><\/p>\n<p>O alerta foi dado pelas 12:41 e, \u00e0 chegada dos meios ao local, a situa\u00e7\u00e3o j\u00e1 tinha sido resolvida pelos elementos de seguran\u00e7a da torre, acrescentou a fonte da autarquia.<\/p>\n<p>Segundo a mesma fonte, foi um curto-circuito numa bateria situada no piso superior da torre que causou o inc\u00eandio, n\u00e3o havendo registo de feridos.<\/p>\n<p>Pelas 14:05, acrescentou, aguardava-se a chegada de t\u00e9cnicos de manuten\u00e7\u00e3o ao local.<\/p>\n<p>A Lusa tentou uma rea\u00e7\u00e3o da Irmandade dos Cl\u00e9rigos, mas at\u00e9 ao momento n\u00e3o foi poss\u00edvel.<\/p>\n","protected":false},"excerpt":{"rendered":"Pa\u00eds Em atualiza\u00e7\u00e3o Em causa estar\u00e1 um curto-circuito numa bateria situada no piso superior da torre que causou&hellip;\n","protected":false},"author":2,"featured_media":231573,"comment_status":"","ping_status":"","sticky":false,"template":"","format":"standard","meta":{"footnotes":""},"categories":[10],"tags":[27,28,15,16,14,25,26,21,22,12,13,19,20,32,23,24,33,17,18,29,30,31],"class_list":{"0":"post-231572","1":"post","2":"type-post","3":"status-publish","4":"format-standard","5":"has-post-thumbnail","7":"category-portugal","8":"tag-breaking-news","9":"tag-breakingnews","10":"tag-featured-news","11":"tag-featurednews","12":"tag-headlines","13":"tag-latest-news","14":"tag-latestnews","15":"tag-main-news","16":"tag-mainnews","17":"tag-news","18":"tag-noticias","19":"tag-noticias-principais","20":"tag-noticiasprincipais","21":"tag-portugal","22":"tag-principais-noticias","23":"tag-principaisnoticias","24":"tag-pt","25":"tag-top-stories","26":"tag-topstories","27":"tag-ultimas","28":"tag-ultimas-noticias","29":"tag-ultimasnoticias"},"share_on_mastodon":{"url":"https:\/\/pubeurope.com\/@pt\/115905418147060996","error":""},"_links":{"self":[{"href":"https:\/\/www.europesays.com\/pt\/wp-json\/wp\/v2\/posts\/231572","targetHints":{"allow":["GET"]}}],"collection":[{"href":"https:\/\/www.europesays.com\/pt\/wp-json\/wp\/v2\/posts"}],"about":[{"href":"https:\/\/www.europesays.com\/pt\/wp-json\/wp\/v2\/types\/post"}],"author":[{"embeddable":true,"href":"https:\/\/www.europesays.com\/pt\/wp-json\/wp\/v2\/users\/2"}],"replies":[{"embeddable":true,"href":"https:\/\/www.europesays.com\/pt\/wp-json\/wp\/v2\/comments?post=231572"}],"version-history":[{"count":0,"href":"https:\/\/www.europesays.com\/pt\/wp-json\/wp\/v2\/posts\/231572\/revisions"}],"wp:featuredmedia":[{"embeddable":true,"href":"https:\/\/www.europesays.com\/pt\/wp-json\/wp\/v2\/media\/231573"}],"wp:attachment":[{"href":"https:\/\/www.europesays.com\/pt\/wp-json\/wp\/v2\/media?parent=231572"}],"wp:term":[{"taxonomy":"category","embeddable":true,"href":"https:\/\/www.europesays.com\/pt\/wp-json\/wp\/v2\/categories?post=231572"},{"taxonomy":"post_tag","embeddable":true,"href":"https:\/\/www.europesays.com\/pt\/wp-json\/wp\/v2\/tags?post=231572"}],"curies":[{"name":"wp","href":"https:\/\/api.w.org\/{rel}","templated":true}]}}