{"id":231574,"date":"2026-01-16T15:11:23","date_gmt":"2026-01-16T15:11:23","guid":{"rendered":"https:\/\/www.europesays.com\/pt\/231574\/"},"modified":"2026-01-16T15:11:23","modified_gmt":"2026-01-16T15:11:23","slug":"trump-responsabiliza-zelensky-por-acordo-de-paz-nao-estar-fechado-enquanto-a-ucrania-gela-com-ataques-russos-a-energia","status":"publish","type":"post","link":"https:\/\/www.europesays.com\/pt\/231574\/","title":{"rendered":"Trump responsabiliza Zelensky por acordo de paz n\u00e3o estar fechado, enquanto a Ucr\u00e2nia gela com ataques russos \u00e0 energia"},"content":{"rendered":"<p>\u00c9 a <strong>Ucr\u00e2nia que est\u00e1 a impedir um poss\u00edvel acordo de paz com a R\u00fassia <\/strong>que trave a guerra em curso desde 2022, afirmou Donald Trump em entrevista \u00e0 <a href=\"https:\/\/www.reuters.com\/world\/europe\/trump-says-zelenskiy-not-putin-is-holding-up-ukraine-peace-deal-2026-01-15\/\" target=\"_blank\" rel=\"noopener noreferrer nofollow\">&#8220;Reuters&#8221;<\/a>, na Sala Oval da Casa Branca. O Presidente norte-americano revela que Vladimir Putin est\u00e1 preparado para encerrar o conflito mas que <strong>Zelensky se mostra mais reticente.<\/strong><\/p>\n<p>Donald Trump e o hom\u00f3logo ucraniano t\u00eam um hist\u00f3rico de instabilidade na sua rela\u00e7\u00e3o, embora as \u00faltimas intera\u00e7\u00f5es parecem revelar um maior entendimento entre os dois. O ponto mais baixo foi, claro, na rece\u00e7\u00e3o de 28 de fevereiro de 2025 na mesma Sala Oval, em que o republicano e o seu &#8220;vice&#8221; JD Vance criticaram abertamente o ucraniano, na presen\u00e7a da imprensa.<\/p>\n<p style=\"text-align: left;\">Donald Trump mostrou-se, durante a maior parte do primeiro ano do seu segundo mandato,<strong> mais disposto a aceitar as condi\u00e7\u00f5es do Presidente Russo para chegar \u00e0 paz do que em ceder aos pedidos de Kiev. <\/strong>Por exemplo, a poss\u00edvel ades\u00e3o da Ucr\u00e2nia \u00e0 NATO foi desde logo colocada de parte pela Casa Branca.<\/p>\n<p>Kiev continua a enfrentar falhas de energia e regista 17 graus negativos<\/p>\n<p style=\"text-align: left;\">Entretanto, mais de <strong>400 habita\u00e7\u00f5es na capital da Ucr\u00e2nia permanecem sem aquecimento devido aos ataques russos<\/strong>.<\/p>\n<p style=\"text-align: left;\">Segundo a Lusa, a situa\u00e7\u00e3o decorre numa altura em que se registam <strong>17 graus negativos na regi\u00e3o<\/strong>. Na maior parte da cidade de Kiev, o <a href=\"https:\/\/expresso.pt\/internacional\/guerra-na-ucrania\/2026-01-08-ataques-russos-deixam-mais-de-um-milhao-de-lares-ucranianos-sem-agua-e-aquecimento-110d3629\" target=\"_blank\" rel=\"noopener noreferrer nofollow\">sistema de aquecimento<\/a> funciona &#8220;a n\u00edveis muito baixos&#8221;, mesmo em resid\u00eancias e estabelecimentos comerciais onde o servi\u00e7o foi parcialmente restabelecido.<\/p>\n<p style=\"text-align: left;\">Volodimir Zelensky disse esta quinta-feira que a <strong>situa\u00e7\u00e3o era particularmente grave em Kiev mas tamb\u00e9m em Odessa e na regi\u00e3o de Dnipropetrovsk.<\/strong><\/p>\n<p style=\"text-align: left;\">As falhas come\u00e7aram a verificar-se na passada sexta-feira ap\u00f3s os ataques russos com aparelhos a\u00e9reos n\u00e3o tripulados (drones) e m\u00edsseis que afetaram o sistema de distribui\u00e7\u00e3o de g\u00e1s e redes de fornecimento de eletricidade.<\/p>\n","protected":false},"excerpt":{"rendered":"\u00c9 a Ucr\u00e2nia que est\u00e1 a impedir um poss\u00edvel acordo de paz com a R\u00fassia que trave a&hellip;\n","protected":false},"author":2,"featured_media":209215,"comment_status":"","ping_status":"","sticky":false,"template":"","format":"standard","meta":{"footnotes":""},"categories":[8],"tags":[27,28,15,16,14,25,26,21,22,12,13,19,20,32,23,24,33,17,18,29,30,31],"class_list":{"0":"post-231574","1":"post","2":"type-post","3":"status-publish","4":"format-standard","5":"has-post-thumbnail","7":"category-principais-noticias","8":"tag-breaking-news","9":"tag-breakingnews","10":"tag-featured-news","11":"tag-featurednews","12":"tag-headlines","13":"tag-latest-news","14":"tag-latestnews","15":"tag-main-news","16":"tag-mainnews","17":"tag-news","18":"tag-noticias","19":"tag-noticias-principais","20":"tag-noticiasprincipais","21":"tag-portugal","22":"tag-principais-noticias","23":"tag-principaisnoticias","24":"tag-pt","25":"tag-top-stories","26":"tag-topstories","27":"tag-ultimas","28":"tag-ultimas-noticias","29":"tag-ultimasnoticias"},"share_on_mastodon":{"url":"https:\/\/pubeurope.com\/@pt\/115905421839138195","error":""},"_links":{"self":[{"href":"https:\/\/www.europesays.com\/pt\/wp-json\/wp\/v2\/posts\/231574","targetHints":{"allow":["GET"]}}],"collection":[{"href":"https:\/\/www.europesays.com\/pt\/wp-json\/wp\/v2\/posts"}],"about":[{"href":"https:\/\/www.europesays.com\/pt\/wp-json\/wp\/v2\/types\/post"}],"author":[{"embeddable":true,"href":"https:\/\/www.europesays.com\/pt\/wp-json\/wp\/v2\/users\/2"}],"replies":[{"embeddable":true,"href":"https:\/\/www.europesays.com\/pt\/wp-json\/wp\/v2\/comments?post=231574"}],"version-history":[{"count":0,"href":"https:\/\/www.europesays.com\/pt\/wp-json\/wp\/v2\/posts\/231574\/revisions"}],"wp:featuredmedia":[{"embeddable":true,"href":"https:\/\/www.europesays.com\/pt\/wp-json\/wp\/v2\/media\/209215"}],"wp:attachment":[{"href":"https:\/\/www.europesays.com\/pt\/wp-json\/wp\/v2\/media?parent=231574"}],"wp:term":[{"taxonomy":"category","embeddable":true,"href":"https:\/\/www.europesays.com\/pt\/wp-json\/wp\/v2\/categories?post=231574"},{"taxonomy":"post_tag","embeddable":true,"href":"https:\/\/www.europesays.com\/pt\/wp-json\/wp\/v2\/tags?post=231574"}],"curies":[{"name":"wp","href":"https:\/\/api.w.org\/{rel}","templated":true}]}}