{"id":231575,"date":"2026-01-16T15:12:07","date_gmt":"2026-01-16T15:12:07","guid":{"rendered":"https:\/\/www.europesays.com\/pt\/231575\/"},"modified":"2026-01-16T15:12:07","modified_gmt":"2026-01-16T15:12:07","slug":"designer-portugues-braulio-amado-assina-direcao-de-arte-de-novo-album-de-harry-styles","status":"publish","type":"post","link":"https:\/\/www.europesays.com\/pt\/231575\/","title":{"rendered":"Designer portugu\u00eas Br\u00e1ulio Amado assina dire\u00e7\u00e3o de arte de novo \u00e1lbum de Harry Styles"},"content":{"rendered":"<p data-remotead-prev-elm=\"true\" data-remotead-elm-id=\"inread\">A informa\u00e7\u00e3o foi partilhada pelo pr\u00f3prio ilustrador portugu\u00eas na rede social Instagram, remetendo para a capa do novo \u00e1lbum do m\u00fasico, que estar\u00e1 \u00e0 venda em v\u00e1rios suportes, nomeadamente vinil e cassete, al\u00e9m de terem sido produzidos produtos comerciais associados, como vestu\u00e1rio e acess\u00f3rios.<\/p>\n<p>Br\u00e1ulio Amado, nascido em Almada em 1987, vive em Nova Iorque desde 2011.<\/p>\n<p>O trabalho do artista visual inclui cartazes, capas de \u00e1lbuns, ilustra\u00e7\u00f5es para jornais e revistas, como o New York Times ou a Wired, v\u00eddeos e &#8220;outras coisas&#8221;, como t-shirts, r\u00f3tulos de vinho, &#8220;websites&#8221;, meias ou toalhas, segundo informa\u00e7\u00e3o dispon\u00edvel no &#8220;site&#8221; oficial do &#8220;designer&#8221; e ilustrador.<\/p>\n<p>Al\u00e9m de Harry Styles, Br\u00e1ulio Amado j\u00e1 criou capas de \u00e1lbuns e &#8220;singles&#8221; para artistas como Frank Ocean, Andr\u00e9 3000, R\u00f3is\u00edn Murphy, Xinobi, Rex Orange County, D&#8221;Alva, Washed Out e Moullinex.<\/p>\n<p>Br\u00e1ulio Amado est\u00e1 atualmente nomeado para os pr\u00e9mios norte-americanos de m\u00fasica Grammy pelo trabalho gr\u00e1fico do \u00e1lbum &#8220;Balloonerism&#8221;, de Mac Miller, desenvolvido com o artista interdisciplinar norte-americano Alim Smith.<\/p>\n<p data-remotead-prev-elm=\"true\" data-remotead-elm-id=\"centro2\">Br\u00e1ulio Amado e Alim Smith est\u00e3o nomeados na categoria &#8220;Melhor &#8220;Recording Package&#8221;&#8221;, que premeia o aspeto visual dos discos, incluindo design de capa e grafismo.<\/p>\n<p>Os vencedores dos 68.\u00ba Grammy ser\u00e3o anunciados no pr\u00f3ximo dia 01 de fevereiro, em Los Angeles, Calif\u00f3rnia, nos Estados Unidos.<\/p>\n<p>Harry Styles, m\u00fasico e ator que fez parte do grupo One Direction, lan\u00e7ou-se a solo em 2017, quando saiu o primeiro \u00e1lbum, hom\u00f3nimo, seguindo-se &#8220;Fine Line&#8221; (2019), &#8220;Harry&#8217;s House&#8221;, apresentado ao vivo em Portugal em 2023.<\/p>\n","protected":false},"excerpt":{"rendered":"A informa\u00e7\u00e3o foi partilhada pelo pr\u00f3prio ilustrador portugu\u00eas na rede social Instagram, remetendo para a capa do novo&hellip;\n","protected":false},"author":2,"featured_media":231576,"comment_status":"","ping_status":"","sticky":false,"template":"","format":"standard","meta":{"footnotes":""},"categories":[145],"tags":[211,210,615,114,115,212,150,32,33],"class_list":{"0":"post-231575","1":"post","2":"type-post","3":"status-publish","4":"format-standard","5":"has-post-thumbnail","7":"category-celebridades","8":"tag-celebridades","9":"tag-celebrities","10":"tag-designer","11":"tag-entertainment","12":"tag-entretenimento","13":"tag-harry-styles","14":"tag-musica","15":"tag-portugal","16":"tag-pt"},"share_on_mastodon":{"url":"https:\/\/pubeurope.com\/@pt\/115905425899768671","error":""},"_links":{"self":[{"href":"https:\/\/www.europesays.com\/pt\/wp-json\/wp\/v2\/posts\/231575","targetHints":{"allow":["GET"]}}],"collection":[{"href":"https:\/\/www.europesays.com\/pt\/wp-json\/wp\/v2\/posts"}],"about":[{"href":"https:\/\/www.europesays.com\/pt\/wp-json\/wp\/v2\/types\/post"}],"author":[{"embeddable":true,"href":"https:\/\/www.europesays.com\/pt\/wp-json\/wp\/v2\/users\/2"}],"replies":[{"embeddable":true,"href":"https:\/\/www.europesays.com\/pt\/wp-json\/wp\/v2\/comments?post=231575"}],"version-history":[{"count":0,"href":"https:\/\/www.europesays.com\/pt\/wp-json\/wp\/v2\/posts\/231575\/revisions"}],"wp:featuredmedia":[{"embeddable":true,"href":"https:\/\/www.europesays.com\/pt\/wp-json\/wp\/v2\/media\/231576"}],"wp:attachment":[{"href":"https:\/\/www.europesays.com\/pt\/wp-json\/wp\/v2\/media?parent=231575"}],"wp:term":[{"taxonomy":"category","embeddable":true,"href":"https:\/\/www.europesays.com\/pt\/wp-json\/wp\/v2\/categories?post=231575"},{"taxonomy":"post_tag","embeddable":true,"href":"https:\/\/www.europesays.com\/pt\/wp-json\/wp\/v2\/tags?post=231575"}],"curies":[{"name":"wp","href":"https:\/\/api.w.org\/{rel}","templated":true}]}}