{"id":231577,"date":"2026-01-16T15:13:11","date_gmt":"2026-01-16T15:13:11","guid":{"rendered":"https:\/\/www.europesays.com\/pt\/231577\/"},"modified":"2026-01-16T15:13:11","modified_gmt":"2026-01-16T15:13:11","slug":"projetos-de-arte-urbana-promovem-oficinas-gratuitas-de-grafitti-em-soure-no-marajo","status":"publish","type":"post","link":"https:\/\/www.europesays.com\/pt\/231577\/","title":{"rendered":"Projetos de arte urbana promovem oficinas gratuitas de grafitti em Soure, no Maraj\u00f3"},"content":{"rendered":"\n<p class=\" content-text__container \" data-track-category=\"Link no Texto\" data-track-links=\"\"> A arte amaz\u00f4nica n\u00e3o nasce parada. Ela corre como rio, finca raiz, atravessa corpos e abre caminhos. \u00c9 desse movimento que surge o encontro do GIRA \u2013 Graffiti, Interven\u00e7\u00e3o, Resist\u00eancia e Arte com o I.G.A.P.\u00d3. \u2013 Interven\u00e7\u00e3o de Graffiti: Arte, Povos e Ocupa\u00e7\u00e3o, projetos de arte urbana que chegam a <a class=\"\" href=\"https:\/\/g1.globo.com\/pa\/para\/cidade\/soure\/\" rel=\"nofollow noopener\" target=\"_blank\">Soure<\/a>, no arquip\u00e9lago do Maraj\u00f3, entre os dias 16 e 18 de janeiro, com uma programa\u00e7\u00e3o gratuita que inclui oficina, bate-papo e produ\u00e7\u00e3o coletiva de pain\u00e9is de graffiti, na Associa\u00e7\u00e3o dos Moradores do Pacoval (AMPAC). <\/p>\n","protected":false},"excerpt":{"rendered":"A arte amaz\u00f4nica n\u00e3o nasce parada. Ela corre como rio, finca raiz, atravessa corpos e abre caminhos. \u00c9&hellip;\n","protected":false},"author":2,"featured_media":231578,"comment_status":"","ping_status":"","sticky":false,"template":"","format":"standard","meta":{"footnotes":""},"categories":[144],"tags":[207,205,206,203,201,202,204,114,115,32,33],"class_list":{"0":"post-231577","1":"post","2":"type-post","3":"status-publish","4":"format-standard","5":"has-post-thumbnail","7":"category-arte-e-design","8":"tag-arte","9":"tag-arte-e-design","10":"tag-artedesign","11":"tag-arts","12":"tag-arts-and-design","13":"tag-artsanddesign","14":"tag-design","15":"tag-entertainment","16":"tag-entretenimento","17":"tag-portugal","18":"tag-pt"},"share_on_mastodon":{"url":"https:\/\/pubeurope.com\/@pt\/115905429658444655","error":""},"_links":{"self":[{"href":"https:\/\/www.europesays.com\/pt\/wp-json\/wp\/v2\/posts\/231577","targetHints":{"allow":["GET"]}}],"collection":[{"href":"https:\/\/www.europesays.com\/pt\/wp-json\/wp\/v2\/posts"}],"about":[{"href":"https:\/\/www.europesays.com\/pt\/wp-json\/wp\/v2\/types\/post"}],"author":[{"embeddable":true,"href":"https:\/\/www.europesays.com\/pt\/wp-json\/wp\/v2\/users\/2"}],"replies":[{"embeddable":true,"href":"https:\/\/www.europesays.com\/pt\/wp-json\/wp\/v2\/comments?post=231577"}],"version-history":[{"count":0,"href":"https:\/\/www.europesays.com\/pt\/wp-json\/wp\/v2\/posts\/231577\/revisions"}],"wp:featuredmedia":[{"embeddable":true,"href":"https:\/\/www.europesays.com\/pt\/wp-json\/wp\/v2\/media\/231578"}],"wp:attachment":[{"href":"https:\/\/www.europesays.com\/pt\/wp-json\/wp\/v2\/media?parent=231577"}],"wp:term":[{"taxonomy":"category","embeddable":true,"href":"https:\/\/www.europesays.com\/pt\/wp-json\/wp\/v2\/categories?post=231577"},{"taxonomy":"post_tag","embeddable":true,"href":"https:\/\/www.europesays.com\/pt\/wp-json\/wp\/v2\/tags?post=231577"}],"curies":[{"name":"wp","href":"https:\/\/api.w.org\/{rel}","templated":true}]}}