{"id":231579,"date":"2026-01-16T15:15:15","date_gmt":"2026-01-16T15:15:15","guid":{"rendered":"https:\/\/www.europesays.com\/pt\/231579\/"},"modified":"2026-01-16T15:15:15","modified_gmt":"2026-01-16T15:15:15","slug":"ja-falou-pra-todo-mundo","status":"publish","type":"post","link":"https:\/\/www.europesays.com\/pt\/231579\/","title":{"rendered":"&#8216;J\u00e1 falou pra todo mundo&#8217;"},"content":{"rendered":"\n<p class=\" content-text__container \" data-track-category=\"Link no Texto\" data-track-links=\"\"> O brother j\u00e1 contou para confinados individualmente e tamb\u00e9m j\u00e1 juntou grupos para falar sobre a trai\u00e7\u00e3o. Na web, internautas reagiram: &#8220;N\u00e3o sei se eu entendi errado, mas estou achando que esse cara j\u00e1 traiu a esposa&#8221;, brincou um perfil no X. &#8220;Contando de novo? N\u00e3o \u00e9 poss\u00edvel, ele est\u00e1 se fazendo&#8221;, apontou mais um. &#8220;Ele n\u00e3o queria falar, mas j\u00e1 est\u00e1 falando para todo mundo&#8221;, lembrou um terceiro. <\/p>\n","protected":false},"excerpt":{"rendered":"O brother j\u00e1 contou para confinados individualmente e tamb\u00e9m j\u00e1 juntou grupos para falar sobre a trai\u00e7\u00e3o. Na&hellip;\n","protected":false},"author":2,"featured_media":231580,"comment_status":"","ping_status":"","sticky":false,"template":"","format":"standard","meta":{"footnotes":""},"categories":[142],"tags":[114,115,32,33,151],"class_list":{"0":"post-231579","1":"post","2":"type-post","3":"status-publish","4":"format-standard","5":"has-post-thumbnail","7":"category-tv","8":"tag-entertainment","9":"tag-entretenimento","10":"tag-portugal","11":"tag-pt","12":"tag-tv"},"share_on_mastodon":{"url":"https:\/\/pubeurope.com\/@pt\/115905437580466654","error":""},"_links":{"self":[{"href":"https:\/\/www.europesays.com\/pt\/wp-json\/wp\/v2\/posts\/231579","targetHints":{"allow":["GET"]}}],"collection":[{"href":"https:\/\/www.europesays.com\/pt\/wp-json\/wp\/v2\/posts"}],"about":[{"href":"https:\/\/www.europesays.com\/pt\/wp-json\/wp\/v2\/types\/post"}],"author":[{"embeddable":true,"href":"https:\/\/www.europesays.com\/pt\/wp-json\/wp\/v2\/users\/2"}],"replies":[{"embeddable":true,"href":"https:\/\/www.europesays.com\/pt\/wp-json\/wp\/v2\/comments?post=231579"}],"version-history":[{"count":0,"href":"https:\/\/www.europesays.com\/pt\/wp-json\/wp\/v2\/posts\/231579\/revisions"}],"wp:featuredmedia":[{"embeddable":true,"href":"https:\/\/www.europesays.com\/pt\/wp-json\/wp\/v2\/media\/231580"}],"wp:attachment":[{"href":"https:\/\/www.europesays.com\/pt\/wp-json\/wp\/v2\/media?parent=231579"}],"wp:term":[{"taxonomy":"category","embeddable":true,"href":"https:\/\/www.europesays.com\/pt\/wp-json\/wp\/v2\/categories?post=231579"},{"taxonomy":"post_tag","embeddable":true,"href":"https:\/\/www.europesays.com\/pt\/wp-json\/wp\/v2\/tags?post=231579"}],"curies":[{"name":"wp","href":"https:\/\/api.w.org\/{rel}","templated":true}]}}