{"id":231585,"date":"2026-01-16T15:19:09","date_gmt":"2026-01-16T15:19:09","guid":{"rendered":"https:\/\/www.europesays.com\/pt\/231585\/"},"modified":"2026-01-16T15:19:09","modified_gmt":"2026-01-16T15:19:09","slug":"rosa-virus-entenda-o-tema-que-repercutiu-no-tiktok-apos-relatos-de-pessoas-que-passaram-mal","status":"publish","type":"post","link":"https:\/\/www.europesays.com\/pt\/231585\/","title":{"rendered":"&#8220;Rosa V\u00edrus&#8221;: entenda o tema que repercutiu no TikTok ap\u00f3s relatos de pessoas que passaram mal"},"content":{"rendered":"<p><img fetchpriority=\"high\" decoding=\"async\" class=\"w-fit lg:w-full\" loading=\"eager\" src=\"https:\/\/www.europesays.com\/pt\/wp-content\/uploads\/2026\/01\/5645222_2935aface661319.jpg\" title=\"Cassio Nunes \/ adobe.stock.com\" alt=\"Cassio Nunes \/ adobe.stock.com\" width=\"700\" height=\"477\"\/>Praia do Rosa (na foto) fica no munic\u00edpio de Imbituba.Cassio Nunes \/ adobe.stock.com<\/p>\n<p>Febre, tosse e dor de garganta e no corpo s\u00e3o alguns dos sintomas do apelidado <strong>&#8220;Rosa v\u00edrus&#8221;<\/strong>. O termo ganhou repercuss\u00e3o no TikTok, em v\u00eddeos e coment\u00e1rios de pessoas que relatam terem ficado doentes ap\u00f3s passarem o fim de ano na <strong>Praia do Rosa<\/strong>, em <a href=\"https:\/\/gauchazh.clicrbs.com.br\/viral\/noticia\/2025\/09\/entenda-por-que-uma-praia-de-santa-catarina-virou-a-queridinha-do-brasil-cmfo5dtja012e013ctng37u3p.html\" rel=\"nofollow noopener\" target=\"_blank\"><strong>Santa Catarina<\/strong><\/a>.<\/p>\n<p>A praia fica no munic\u00edpio de Imbituba, a quase 400 quil\u00f4metros de Porto Alegre. Conforme a Secretaria de Sa\u00fade do munic\u00edpio, <strong>n\u00e3o h\u00e1 suspeita de surto de alguma doen\u00e7a gripal<\/strong> na regi\u00e3o.\u00a0<\/p>\n<p>Entre 29 de dezembro e 12 de janeiro, as unidades b\u00e1sicas de sa\u00fade atenderam quatro pacientes com algum tipo de influenza na regi\u00e3o da Praia do Rosa e Ibiraquera. No munic\u00edpio de Imbituba como um todo, foram 40 pacientes. O n\u00famero, por\u00e9m, <strong>n\u00e3o est\u00e1 fora da normalidade<\/strong>, segundo a secretaria.<\/p>\n<p>H\u00e1 quem tenha tido sintomas, mas n\u00e3o tenha buscado ajuda m\u00e9dica na regi\u00e3o, como foi o caso do estudante de Psicologia Gustavo Zimmer, 25 anos. Ele <strong>foi a uma consulta ap\u00f3s voltar para Feliz<\/strong>, no <a href=\"https:\/\/gauchazh.clicrbs.com.br\/ultimas-noticias\/tag\/vale-do-cai\/\" rel=\"nofollow noopener\" target=\"_blank\"><strong>Vale do Ca\u00ed<\/strong><\/a>, onde mora.<\/p>\n<p>Gustavo conta que esteve na Praia do Rosa de 28 de dezembro a 4 de janeiro e que os sintomas apareceram no dia 2, <strong>ap\u00f3s ir a festas<\/strong>. Em tom bem humorado, ele publicou um v\u00eddeo no TikTok, falando sobre o &#8220;Rosa v\u00edrus&#8221;.<\/p>\n<p>\u2014 Depois que eu postei o v\u00eddeo, vi muita gente comentando que as pessoas que foram se consultar no m\u00e9dico tiveram covid-19, influenza ou in\u00edcio de pneumonia \u2014 relata a<strong> Zero Hora<\/strong>.<\/p>\n<p>Ele n\u00e3o teve diagn\u00f3stico de nenhuma das doen\u00e7as, mas diz ter ficado ao menos oito dias se sentindo mal e fraco. Entre os sintomas, teve <strong>dor de cabe\u00e7a e de garganta, al\u00e9m de febre<\/strong>. Agora, afirma estar apenas com <strong>tosse<\/strong>. No grupo de amigos com quem estava na praia, pelo menos outros dois tiveram sintomas parecidos.<\/p>\n<p>Quem tamb\u00e9m compartilhou um relato no TikTok foi a Social Media Stephanni Fuhrmann, 26 anos, de <a href=\"https:\/\/gauchazh.clicrbs.com.br\/ultimas-noticias\/tag\/florianopolis\/\" rel=\"nofollow noopener\" target=\"_blank\"><strong>Florian\u00f3polis<\/strong><\/a>. <strong>Ela recebeu o diagn\u00f3stico de H1N1<\/strong>, ap\u00f3s sentir dores no corpo, febre e tosse.\u00a0<\/p>\n<p>Stephanni esteve na Praia do Rosa entre 28 e 30 de dezembro. Ela conta que os sintomas surgiram no dia 1\u00ba de janeiro e duraram, de forma mais intensa, por quatro dias. Segundo ela, ao menos sete amigos que tamb\u00e9m estavam na Praia do Rosa tiveram sintomas semelhantes. A Social Media buscou atendimento m\u00e9dico online e, ap\u00f3s, presencial, j\u00e1 em sua cidade.<\/p>\n<p>A estudante de Pedagogia Jessica Luiza Lorscheiter, 21 anos, de Porto Alegre, compartilha teve a mesma experi\u00eancia. Ela ficou na Praia do Rosa de 28 de dezembro a 4 de janeiro, dia em que come\u00e7ou a se sentir mal:<\/p>\n<p>\u2014 Primeiro, foi a garganta co\u00e7ando e a dor nas juntas. S\u00f3 que eu achei que fosse uma gripe normal. Mas foram passando os dias e a <strong>febre <\/strong>come\u00e7ou a ficar muito alta, n\u00e3o baixava de 38,5\u00baC. Comecei a ter <strong>muita dor no corpo, muito calafrio e tosse<\/strong>.<\/p>\n<p>Jessica contou ainda que ficou ruim por cerca de uma semana e que ainda est\u00e1 com tosse. Ela n\u00e3o chegou a consultar um m\u00e9dico ou realizar testes que comprovassem alguma doen\u00e7a, apenas tratou os sintomas em casa.\u00a0<\/p>\n<p>\ud83e\udd27 &#8220;Gripe&#8221; no ver\u00e3o? Sim!<\/p>\n<p>Sem uma avalia\u00e7\u00e3o m\u00e9dica geral, n\u00e3o \u00e9 poss\u00edvel saber exatamente qual v\u00edrus pode ser o causador dos sintomas relatados nos v\u00eddeos.\u00a0<\/p>\n<p>O m\u00e9dico infectologista Rodrigo Douglas Rodrigues, que atua no Servi\u00e7o de Controle de Infec\u00e7\u00e3o do Hospital da Universidade Federal de Santa Catarina (UFSC), afirma tamb\u00e9m n\u00e3o ter tido conhecimento de notifica\u00e7\u00e3o ou alerta epidemiol\u00f3gico na regi\u00e3o sobre algum poss\u00edvel surto.<\/p>\n<p>Ele explica que os sintomas descritos s\u00e3o<strong> comuns a diversas viroses respirat\u00f3rias<\/strong>, como influenza, covid-19 e at\u00e9 mesmo outras que acabam n\u00e3o sendo identific\u00e1veis em testes simples, como rinov\u00edrus, adenov\u00edrus, metapneumov\u00edrus, bocav\u00edrus e enterov\u00edrus.\u00a0<\/p>\n<p>Segundo o especialista, esses s\u00e3o v\u00edrus transmitidos principalmente por <strong>got\u00edculas eliminadas<\/strong> durante a respira\u00e7\u00e3o. As <strong>aglomera\u00e7\u00f5es <\/strong>e o <strong>compartilhamento de itens<\/strong> facilitam a propaga\u00e7\u00e3o:<\/p>\n<p>\u2014 Se voc\u00ea tem pessoas resfriadas, algo que pode existir nessa \u00e9poca do ano, e esse <strong>comportamento de aglomerado<\/strong>, de estar todo mundo junto nas festas, dividir pequenos espa\u00e7os, \u00e0s vezes com um monte de gente na mesma casa, dividir copo e eventualmente itens de higiene, acaba <strong>facilitando a transmiss\u00e3o<\/strong> e passando para um grande grupo de pessoas.<\/p>\n<p>Rodrigo explica que os v\u00edrus respirat\u00f3rios circulam o ano inteiro. No ver\u00e3o, s\u00e3o mais comuns os causadores de <a href=\"https:\/\/gauchazh.clicrbs.com.br\/saude\/noticia\/2025\/01\/calor-falta-de-higienizacao-e-ma-conservacao-dos-alimentos-os-fatores-que-contribuem-para-os-casos-de-gastroenterite-cm680b84j012n017qrzcc6kjs.html\" rel=\"nofollow noopener\" target=\"_blank\"><strong>gastroenterite<\/strong><\/a>, que costumam afetar est\u00f4mago e intestino. Mas at\u00e9 mesmo alguns desses podem causar <strong>sintomas respirat\u00f3rios<\/strong>.<\/p>\n<p>\u26a0\ufe0f Que cuidados tomar?<\/p>\n<ul>\n<li class=\"unordered-list-item\">Evitar ambientes pequenos com grande n\u00famero de pessoas e pouco ventilados<\/li>\n<li class=\"unordered-list-item\">Fazer higieniza\u00e7\u00e3o frequente das m\u00e3os<\/li>\n<li class=\"unordered-list-item\">Evitar compartilhar copos, toalhas e itens de uso \u00edntimo<\/li>\n<li class=\"unordered-list-item\">Evitar consumo de \u00e1gua sem proced\u00eancia e banhos em \u00e1reas consideradas impr\u00f3prias<\/li>\n<\/ul>\n<p>\u26a0\ufe0f O que fazer ao ter sintomas?<\/p>\n<ul>\n<li class=\"unordered-list-item\">Em caso de sintomas, ficar em casa e n\u00e3o transitar entre outras pessoas, evitando que o v\u00edrus seja transmitido<\/li>\n<li class=\"unordered-list-item\">Se tiver doen\u00e7as cr\u00f4nicas e sentir algum sintoma gripal, a orienta\u00e7\u00e3o \u00e9 buscar atendimento m\u00e9dico<\/li>\n<li class=\"unordered-list-item\">No caso de pessoas sem comorbidades, \u00e9 poss\u00edvel tratar apenas os sintomas, com hidrata\u00e7\u00e3o e medicamentos para dor e febre\u00a0<\/li>\n<li class=\"unordered-list-item\">Mas, se houver falta de ar, confus\u00e3o mental, sonol\u00eancia intensa, press\u00e3o arterial baixa ou aumento da frequ\u00eancia respirat\u00f3ria, \u00e9 importante ir atr\u00e1s atendimento de emerg\u00eancia para avalia\u00e7\u00e3o<\/li>\n<\/ul>\n","protected":false},"excerpt":{"rendered":"Praia do Rosa (na foto) fica no munic\u00edpio de Imbituba.Cassio Nunes \/ adobe.stock.com Febre, tosse e dor de&hellip;\n","protected":false},"author":2,"featured_media":231586,"comment_status":"","ping_status":"","sticky":false,"template":"","format":"standard","meta":{"footnotes":""},"categories":[86],"tags":[116,32,33,3801,117,3022],"class_list":{"0":"post-231585","1":"post","2":"type-post","3":"status-publish","4":"format-standard","5":"has-post-thumbnail","7":"category-saude","8":"tag-health","9":"tag-portugal","10":"tag-pt","11":"tag-santa-catarina","12":"tag-saude","13":"tag-trends"},"share_on_mastodon":{"url":"https:\/\/pubeurope.com\/@pt\/115905453286078436","error":""},"_links":{"self":[{"href":"https:\/\/www.europesays.com\/pt\/wp-json\/wp\/v2\/posts\/231585","targetHints":{"allow":["GET"]}}],"collection":[{"href":"https:\/\/www.europesays.com\/pt\/wp-json\/wp\/v2\/posts"}],"about":[{"href":"https:\/\/www.europesays.com\/pt\/wp-json\/wp\/v2\/types\/post"}],"author":[{"embeddable":true,"href":"https:\/\/www.europesays.com\/pt\/wp-json\/wp\/v2\/users\/2"}],"replies":[{"embeddable":true,"href":"https:\/\/www.europesays.com\/pt\/wp-json\/wp\/v2\/comments?post=231585"}],"version-history":[{"count":0,"href":"https:\/\/www.europesays.com\/pt\/wp-json\/wp\/v2\/posts\/231585\/revisions"}],"wp:featuredmedia":[{"embeddable":true,"href":"https:\/\/www.europesays.com\/pt\/wp-json\/wp\/v2\/media\/231586"}],"wp:attachment":[{"href":"https:\/\/www.europesays.com\/pt\/wp-json\/wp\/v2\/media?parent=231585"}],"wp:term":[{"taxonomy":"category","embeddable":true,"href":"https:\/\/www.europesays.com\/pt\/wp-json\/wp\/v2\/categories?post=231585"},{"taxonomy":"post_tag","embeddable":true,"href":"https:\/\/www.europesays.com\/pt\/wp-json\/wp\/v2\/tags?post=231585"}],"curies":[{"name":"wp","href":"https:\/\/api.w.org\/{rel}","templated":true}]}}