{"id":231587,"date":"2026-01-16T15:22:17","date_gmt":"2026-01-16T15:22:17","guid":{"rendered":"https:\/\/www.europesays.com\/pt\/231587\/"},"modified":"2026-01-16T15:22:17","modified_gmt":"2026-01-16T15:22:17","slug":"x-anuncia-medidas-para-impedir-o-grok-de-despir-pessoas-reais-nos-paises-em-que-for-ilegal","status":"publish","type":"post","link":"https:\/\/www.europesays.com\/pt\/231587\/","title":{"rendered":"X anuncia medidas para impedir o Grok de despir pessoas reais (nos pa\u00edses em que for ilegal)"},"content":{"rendered":"<p class=\"wp-caption-text top\"><a href=\"https:\/\/www.flickr.com\/photos\/wiredphotostream\/6303518748\/sizes\/l\/\" rel=\"nofollow external noopener noreferrer\" data-wpel-link=\"external\" target=\"_blank\" class=\"ext-link\">Wired Photostream \/ Flickr <\/a><\/p>\n<p><img decoding=\"async\" loading=\"lazy\" class=\"size-kopa-image-size-3 wp-image-520619\" src=\"https:\/\/www.europesays.com\/pt\/wp-content\/uploads\/2026\/01\/64399853611f43489a94f3679392abf1-783x450.jpg\" alt=\"\" width=\"700\" height=\"402\"  \/><\/p>\n<p class=\"wp-caption-text bot\">Elon Musk, propriet\u00e1rio da Tesla, SpaceX, X e xIA<\/p>\n<p><strong>A plataforma X de Elon Musk anunciou medidas para impedir que o seu chatbot de IA Grok transforme fotografias de pessoas reais em imagens de car\u00e1cter sexual, \u201conde isso for ilegal\u201d, ap\u00f3s cr\u00edticas em todo o mundo pela gera\u00e7\u00e3o deste tipo de conte\u00fado a partir de imagens de mulheres e menores.<\/strong><\/p>\n<p>A plataforma X, antigo Twitter, anunciou finalmente, esta quarta-feira, medidas para impedir o Grok de criar deepfakes com v\u00eddeos de <a href=\"https:\/\/zap.aeiou.pt\/franca-investiga-grok-por-centenas-de-deepfakes-de-mulheres-e-adolescentes-nuas-720340\" data-wpel-link=\"internal\" rel=\"nofollow noopener\" target=\"_blank\">mulheres e menores nuas<\/a>, a partir de imagens de pessoas reais.<\/p>\n<p>O an\u00fancio surge depois de o procurador-geral da Calif\u00f3rnia, <strong>Rob Bonta<\/strong>, ter iniciado uma investiga\u00e7\u00e3o \u00e0 xAI, a empresa de Intelig\u00eancia Artificial de <strong>Elon Musk<\/strong>, por \u201cfacilitar a produ\u00e7\u00e3o em larga escala de montagens \u00edntimas n\u00e3o consentidas, usadas para <strong>assediar mulheres e raparigas<\/strong> na internet, principalmente atrav\u00e9s da rede social X\u201d, segundo um comunicado.<\/p>\n<p>\u201cTemos <strong>toler\u00e2ncia zero<\/strong> para a cria\u00e7\u00e3o e dissemina\u00e7\u00e3o, com IA, de imagens \u00edntimas n\u00e3o consentidas ou de material <strong>pedopornogr\u00e1fico<\/strong>\u201c, acrescentou o procurador-geral do estado norte-americano em <a href=\"https:\/\/oag.ca.gov\/news\/press-releases\/attorney-general-bonta-launches-investigation-xai-grok-over-undressed-sexual-ai\" data-wpel-link=\"external\" target=\"_blank\" rel=\"nofollow external noopener noreferrer\" class=\"ext-link\">comunicado<\/a> publicado esta quarta-feira. A investiga\u00e7\u00e3o determinar\u00e1 \u201c<strong>se, e como, a xAI violou a lei<\/strong>\u201c.<\/p>\n<p>O governador da Calif\u00f3rnia, <strong>Gavin Newsom<\/strong>, disse, tamb\u00e9m na quarta-feira, que a \u201c<strong>vil decis\u00e3o da xA<\/strong>I\u201d de permitir a prolifera\u00e7\u00e3o de deepfakes sexualmente expl\u00edcitos o levou a instar o procurador-geral a responsabilizar a empresa.<\/p>\n<p>A rede social de Musk, milion\u00e1rio fundador da Tesla e SpaceX, disse entretanto que ir\u00e1 \u201c<strong>bloquear geograficamente a capacidade<\/strong>\u201d dos utilizadores do Grok e do pr\u00f3prio X de criar imagens de pessoas em \u201cbiqu\u00ednis, roupa interior e pe\u00e7as similares\u201d n<strong>as jurisdi\u00e7\u00f5es onde essas a\u00e7\u00f5es s\u00e3o consideradas ilegais<\/strong>.<\/p>\n<p>\u201cImplement\u00e1mos medidas tecnol\u00f3gicas para impedir que a conta do Grok permita a edi\u00e7\u00e3o de imagens de pessoas reais com roupas reveladoras, como biqu\u00ednis\u201d, disse a equipa de seguran\u00e7a do X em comunicado. \u201cEsta restri\u00e7\u00e3o aplica-se a todos os utilizadores,<strong> incluindo os assinantes do servi\u00e7o pago<\/strong>\u201c, acrescentou.<\/p>\n<p>Como \u201cuma <strong>camada adicional de prote\u00e7\u00e3o<\/strong>\u201c, a cria\u00e7\u00e3o de imagens e a possibilidade de editar fotografias atrav\u00e9s da conta Grok do X passaram a estar dispon\u00edveis <strong>apenas para assinantes pagos<\/strong>, acrescentou o comunicado.<\/p>\n<p>Segundo a ag\u00eancia AFP, uma an\u00e1lise realizada na semana passada pela ONG AI Forensics sobre mais de 20.000 imagens geradas pelo Grok revelou que mais de <strong>metade retratava pessoas com pouca roupa<\/strong>, das quais 81% eram mulheres e cerca de <strong>2% pareciam menores de idade<\/strong>.<\/p>\n<p>O movimento internacional de<strong> indigna\u00e7\u00e3o contra o Grok<\/strong> e a possibilidade que a IA de Musk oferece de modificar imagens, em particular as publicadas na rede social X intensificou-se nas \u00faltimas semanas.<\/p>\n<p>Esta op\u00e7\u00e3o estava a permitir que os utilizadores criem \u2018deepfakes\u2019 sexualizados de mulheres e menores de idade usando indica\u00e7\u00f5es como \u201c<strong>coloque-a num biqu\u00edni<\/strong>\u201d ou \u201c<strong>tire-lhe a roupa<\/strong>\u201c.<\/p>\n<p>Na semana passada, o Grok<strong> tentou esquivar-se \u00e0s cr\u00edticas<\/strong>, com o an\u00fancio de uma nova pol\u00edtica de monetiza\u00e7\u00e3o, anunciando no X que a gera\u00e7\u00e3o e edi\u00e7\u00e3o de imagens ficavam \u201c<strong>limitadas aos assinantes do servi\u00e7o pago<\/strong>\u201c.<\/p>\n<p>Mas esse an\u00fancio <strong>apenas alimentou ainda mais a indigna\u00e7\u00e3o<\/strong>: o gabinete do primeiro-ministro brit\u00e2nico <strong>Keir Starmer<\/strong> condenou a medida por consider\u00e1-la uma <strong>afronta \u00e0s v\u00edtimas, e \u201cn\u00e3o uma solu\u00e7\u00e3o\u201d<\/strong>.<\/p>\n<p>Por sua vez, o regulador de comunica\u00e7\u00e3o social brit\u00e2nico, anunciou a abertura de uma investiga\u00e7\u00e3o para determinar se o X violou a legisla\u00e7\u00e3o do Reino Unido em rela\u00e7\u00e3o as imagens sexualizadas.<\/p>\n<p>Tamb\u00e9m a comiss\u00e1ria francesa para a inf\u00e2ncia, <strong>Sarah El Hairy<\/strong>, adiantou que tinha remetido as imagens geradas pelo Grok \u00e0 procuradoria do pa\u00eds, ao regulador de comunica\u00e7\u00e3o social Arcom e \u00e0 Uni\u00e3o Europeia \u2014 que pediu entretanto que a gera\u00e7\u00e3o deste tipo de conte\u00fado fosse imediatamente bloqueada.<\/p>\n<p>Aumentando ainda mais a press\u00e3o sobre a companhia de Musk, uma associa\u00e7\u00e3o de <strong>28 organiza\u00e7\u00f5es da sociedade civil<\/strong> enviou nesta quarta-feira cartas abertas aos diretores-executivos da Apple e da Google, <strong>instando-os a banir o Grok e o X<\/strong> das suas lojas de aplica\u00e7\u00f5es.<\/p>\n<p>Entretanto, a <strong>Indon\u00e9sia, Mal\u00e1sia e Filipinas<\/strong> <a href=\"https:\/\/zap.aeiou.pt\/musk-anuncia-mudanca-importante-x-grok-bloqueado-721807\" data-wpel-link=\"internal\" rel=\"nofollow noopener\" target=\"_blank\">bloquearam o acesso ao Grok<\/a>, enquanto a \u00cdndia anunciou que o X tinha eliminado milhares de publica\u00e7\u00f5es e centenas de contas de utilizadores em resposta \u00e0s suas queixas.<\/p>\n<p>Aparentemente, ent\u00e3o, no <strong>c\u00f3digo moral das empresas de Elon Musk<\/strong>, n\u00e3o h\u00e1 problema nenhum em gerar, sem consentimento,\u00a0 imagens sexualizadas de mulheres e crian\u00e7as \u2014 <strong>desde que seja um servi\u00e7o pago<\/strong>, ou apenas onde essa pr\u00e1tica <strong>n\u00e3o for ilegal<\/strong>.<\/p>\n<p>    <a href=\"https:\/\/zap.aeiou.pt\/subscrever-newsletter\" data-wpel-link=\"internal\" rel=\"nofollow noopener\" target=\"_blank\">&#13;<br \/>\n        <img loading=\"lazy\" decoding=\"async\" class=\"aligncenter size-full wp-image-575475\" src=\"https:\/\/www.europesays.com\/pt\/wp-content\/uploads\/2025\/12\/1765389371_545_2d51fe4a0ba54894421ead1809309ed9-1-450x140.jpg\" alt=\"Subscreva a Newsletter ZAP\" width=\"450\" height=\"140\"\/>&#13;<br \/>\n    <\/a><\/p>\n<p>                <a href=\"https:\/\/whatsapp.com\/channel\/0029VaIC4EE2f3EJZPPSbR34\" data-wpel-link=\"external\" target=\"_blank\" rel=\"nofollow external noopener noreferrer\" class=\"ext-link\">&#13;<br \/>\n                    <img loading=\"lazy\" decoding=\"async\" class=\"aligncenter size-full wp-image-575475\" src=\"https:\/\/www.europesays.com\/pt\/wp-content\/uploads\/2025\/12\/1765389371_770_c68c559d956d4ca20f435ed74a6e71e6.png\" alt=\"Siga-nos no WhatsApp\" width=\"175\" height=\"64\"\/>&#13;<br \/>\n                <\/a><\/p>\n<p>                <a href=\"https:\/\/news.google.com\/publications\/CAAiEHRwZondIV71PDjWNoqMduEqFAgKIhB0cGaJ3SFe9Tw41jaKjHbh?hl=en-US&amp;gl=US&amp;ceid=US%3Aen\" data-wpel-link=\"external\" target=\"_blank\" rel=\"nofollow external noopener noreferrer\" class=\"ext-link\">&#13;<br \/>\n                    <img loading=\"lazy\" decoding=\"async\" class=\"aligncenter size-full wp-image-575475\" src=\"https:\/\/www.europesays.com\/pt\/wp-content\/uploads\/2025\/12\/1765389372_556_5123dd8b087b644fdb8f8603acd1bad4.png\" alt=\"Siga-nos no Google News\" width=\"176\" height=\"64\"\/>&#13;<br \/>\n                <\/a><\/p>\n","protected":false},"excerpt":{"rendered":"Wired Photostream \/ Flickr Elon Musk, propriet\u00e1rio da Tesla, SpaceX, X e xIA A plataforma X de Elon&hellip;\n","protected":false},"author":2,"featured_media":231588,"comment_status":"","ping_status":"","sticky":false,"template":"","format":"standard","meta":{"footnotes":""},"categories":[83],"tags":[2948,88,269,89,584,90,933,32,552,33],"class_list":{"0":"post-231587","1":"post","2":"type-post","3":"status-publish","4":"format-standard","5":"has-post-thumbnail","7":"category-empresas","8":"tag-abusos-sexuais","9":"tag-business","10":"tag-capa","11":"tag-economy","12":"tag-elon-musk","13":"tag-empresas","14":"tag-inteligencia-artificial","15":"tag-portugal","16":"tag-privacidade","17":"tag-pt"},"share_on_mastodon":{"url":"https:\/\/pubeurope.com\/@pt\/115905465195832722","error":""},"_links":{"self":[{"href":"https:\/\/www.europesays.com\/pt\/wp-json\/wp\/v2\/posts\/231587","targetHints":{"allow":["GET"]}}],"collection":[{"href":"https:\/\/www.europesays.com\/pt\/wp-json\/wp\/v2\/posts"}],"about":[{"href":"https:\/\/www.europesays.com\/pt\/wp-json\/wp\/v2\/types\/post"}],"author":[{"embeddable":true,"href":"https:\/\/www.europesays.com\/pt\/wp-json\/wp\/v2\/users\/2"}],"replies":[{"embeddable":true,"href":"https:\/\/www.europesays.com\/pt\/wp-json\/wp\/v2\/comments?post=231587"}],"version-history":[{"count":0,"href":"https:\/\/www.europesays.com\/pt\/wp-json\/wp\/v2\/posts\/231587\/revisions"}],"wp:featuredmedia":[{"embeddable":true,"href":"https:\/\/www.europesays.com\/pt\/wp-json\/wp\/v2\/media\/231588"}],"wp:attachment":[{"href":"https:\/\/www.europesays.com\/pt\/wp-json\/wp\/v2\/media?parent=231587"}],"wp:term":[{"taxonomy":"category","embeddable":true,"href":"https:\/\/www.europesays.com\/pt\/wp-json\/wp\/v2\/categories?post=231587"},{"taxonomy":"post_tag","embeddable":true,"href":"https:\/\/www.europesays.com\/pt\/wp-json\/wp\/v2\/tags?post=231587"}],"curies":[{"name":"wp","href":"https:\/\/api.w.org\/{rel}","templated":true}]}}