{"id":231593,"date":"2026-01-16T15:26:17","date_gmt":"2026-01-16T15:26:17","guid":{"rendered":"https:\/\/www.europesays.com\/pt\/231593\/"},"modified":"2026-01-16T15:26:17","modified_gmt":"2026-01-16T15:26:17","slug":"voce-foi-minha-casa-r7-entretenimento","status":"publish","type":"post","link":"https:\/\/www.europesays.com\/pt\/231593\/","title":{"rendered":"\u2018Voc\u00ea foi minha casa\u2019 \u2013 R7 Entretenimento"},"content":{"rendered":"<p><img decoding=\"async\" data-chromatic=\"ignore\" alt=\"\" class=\"c-image\" loading=\"lazy\" src=\"https:\/\/www.europesays.com\/pt\/wp-content\/uploads\/2026\/01\/SNGPXWTP3FAM5BNE7Q47SWAIPQ.jpg\"  width=\"1920\" height=\"1080\"\/>Lucas Borbas apareceu abalado ap\u00f3s post em homenagem \u00e0 Isabel Veloso Reprodu\u00e7\u00e3o\/Instagram\/@lucasborbass <\/p>\n<p class=\"jarvics:base-text-neutral-high-400 base-text-[calc(theme(fontSize.xs)_*_var(--font-size,_1))] base-font-normal base-font-primary base-text-neutral-low-500 base-text-left\">O vi\u00favo de <a href=\"https:\/\/www.r7.com\/tudo-sobre\/isabel-veloso\/\" target=\"_blank\" rel=\"noreferrer nofollow noopener\" title=\"https:\/\/www.r7.com\/tudo-sobre\/isabel-veloso\/\"><b>Isabel Veloso<\/b><\/a>, <a href=\"https:\/\/entretenimento.r7.com\/prisma\/fabiola-reipert\/viuvo-de-isabel-veloso-emociona-ao-falar-de-filho-do-casal-deixou-um-presente-lindo-pra-todos-nos-14012026\/\" target=\"_blank\" rel=\"noreferrer nofollow noopener\" title=\"https:\/\/entretenimento.r7.com\/prisma\/fabiola-reipert\/viuvo-de-isabel-veloso-emociona-ao-falar-de-filho-do-casal-deixou-um-presente-lindo-pra-todos-nos-14012026\/\"><b>Lucas Borbas<\/b><\/a>, emocionou seguidores ao surgir completamente abalado ap\u00f3s prestar uma homenagem \u00e0 \u201cinfluenciadora\u201d, que <a href=\"https:\/\/entretenimento.r7.com\/famosos-e-tv\/isabel-veloso-morre-aos-19-anos-apos-luta-contra-o-cancer-10012026\/\" target=\"_blank\" rel=\"noreferrer nofollow noopener\" title=\"https:\/\/entretenimento.r7.com\/famosos-e-tv\/isabel-veloso-morre-aos-19-anos-apos-luta-contra-o-cancer-10012026\/\"><b>morreu no \u00faltimo s\u00e1bado (10)<\/b><\/a>, em Curitiba, v\u00edtima de complica\u00e7\u00f5es no tratamento contra um <a href=\"https:\/\/noticias.r7.com\/saude\/vanity-brasil\/isabel-veloso-morre-aos-19-anos-vitima-de-linfoma-de-hodgkin-entenda-a-doenca-10012026\/\" target=\"_blank\" rel=\"noreferrer nofollow noopener\" title=\"https:\/\/noticias.r7.com\/saude\/vanity-brasil\/isabel-veloso-morre-aos-19-anos-vitima-de-linfoma-de-hodgkin-entenda-a-doenca-10012026\/\"><b>linfoma de Hodgkin<\/b><\/a>. \ud83d\ude22 <\/p>\n<p class=\"jarvics:base-text-neutral-high-400 base-text-[calc(theme(fontSize.xs)_*_var(--font-size,_1))] base-font-normal base-font-primary base-text-neutral-low-500 base-text-left\">Lucas publicou um v\u00eddeo com momentos vividos pelos dois, acompanhado de um texto forte e carregado de sentimento, no qual falou sobre o amor e a parceria que viveu com Isabel. Na homenagem, ele escreveu:<\/p>\n<p class=\"jarvics:base-text-neutral-high-400 base-text-[calc(theme(fontSize.xs)_*_var(--font-size,_1))] base-font-normal base-font-primary base-text-neutral-low-500 base-text-left\">\u201cVoc\u00ea foi minha casa, amor. O lugar onde eu podia descansar sem medo, onde o mundo ficava menor e a dor n\u00e3o gritava t\u00e3o alto. Em voc\u00ea eu fui abrigo, fui verdade, fui inteiro. Mesmo quando tudo era incerteza, era em voc\u00ea que eu sabia onde estava. Casa n\u00e3o \u00e9 parede, \u00e9 presen\u00e7a. E a sua segue em mim.\u201d <\/p>\n<p class=\"jarvics:base-text-neutral-high-400 base-text-[calc(theme(fontSize.xs)_*_var(--font-size,_1))] base-font-normal base-font-primary base-text-neutral-low-500 base-text-left\">Mas o desabafo n\u00e3o parou por a\u00ed. Pouco depois, Lucas voltou ao pr\u00f3prio post e deixou um coment\u00e1rio que apertou ainda mais o cora\u00e7\u00e3o dos seguidores: \u201cHoje t\u00e1 doendo muito \ud83d\ude2d sorry!\u201d<\/p>\n<p class=\"jarvics:base-text-neutral-high-400 base-text-[calc(theme(fontSize.xs)_*_var(--font-size,_1))] base-font-normal base-font-primary base-text-neutral-low-500 base-text-left\">Para completar, ele apareceu chorando nos stories e escreveu: \u201cNem sempre conseguimos ser\u201d. <\/p>\n<p class=\"jarvics:base-text-neutral-high-400 base-text-[calc(theme(fontSize.xs)_*_var(--font-size,_1))] base-font-normal base-font-primary base-text-neutral-low-500 base-text-left\">Isabel Veloso estava internada desde o dia 27 de novembro no Hospital Erasto Gaertner. Ela chegou a ser entubada, apresentou melhora e deixou a UTI, mas infelizmente precisou retornar \u00e0 Unidade de Tratamento Intensivo ap\u00f3s uma <a href=\"https:\/\/entretenimento.r7.com\/famosos-e-tv\/feed-tv-arquivo-de-famosos\/medico-de-isabel-veloso-revela-como-foram-os-ultimos-momentos-no-hospital-lentamente-15012026\/\" target=\"_blank\" rel=\"noreferrer nofollow noopener\" title=\"https:\/\/entretenimento.r7.com\/famosos-e-tv\/feed-tv-arquivo-de-famosos\/medico-de-isabel-veloso-revela-como-foram-os-ultimos-momentos-no-hospital-lentamente-15012026\/\"><b>piora no quadro cl\u00ednico<\/b><\/a>. <\/p>\n<p class=\"jarvics:base-text-neutral-high-400 base-text-[calc(theme(fontSize.xs)_*_var(--font-size,_1))] base-font-normal base-font-primary base-text-neutral-low-500 base-text-left\">A \u201cinfluenciadora\u201d lutava contra o c\u00e2ncer desde os 15 anos e havia passado por um <a href=\"https:\/\/entretenimento.r7.com\/prisma\/fabiola-reipert\/pai-de-isabel-veloso-doa-medula-ossea-para-a-filha-em-tratamento-contra-o-cancer-24102025\/\" target=\"_blank\" rel=\"noreferrer nofollow noopener\" title=\"https:\/\/entretenimento.r7.com\/prisma\/fabiola-reipert\/pai-de-isabel-veloso-doa-medula-ossea-para-a-filha-em-tratamento-contra-o-cancer-24102025\/\"><b>transplante de medula \u00f3ssea<\/b><\/a> no dia 24 de outubro.<\/p>\n<p class=\"jarvics:base-text-neutral-high-400 base-text-[calc(theme(fontSize.xs)_*_var(--font-size,_1))] base-font-normal base-font-primary base-text-neutral-low-500 base-text-left\">A como\u00e7\u00e3o nas redes sociais \u00e9 grande, e f\u00e3s seguem deixando mensagens de apoio para Lucas e para o pequeno <a href=\"https:\/\/entretenimento.r7.com\/observatorio-dos-famosos\/lucas-borbas-escreve-carta-aberta-ao-filho-apos-morte-de-isabel-veloso-nao-sera-facil-12012026\/\" target=\"_blank\" rel=\"noreferrer nofollow noopener\" title=\"https:\/\/entretenimento.r7.com\/observatorio-dos-famosos\/lucas-borbas-escreve-carta-aberta-ao-filho-apos-morte-de-isabel-veloso-nao-sera-facil-12012026\/\"><b>Arthur<\/b><\/a>, filho do casal. <\/p>\n<p class=\"jarvics:base-text-neutral-high-400 base-text-[calc(theme(fontSize.xs)_*_var(--font-size,_1))] base-font-normal base-font-primary base-text-neutral-low-500 base-text-left\">For\u00e7a para a fam\u00edlia nesse momento t\u00e3o dif\u00edcil! \u2764\ufe0f<\/p>\n<p>Veja o post de Lucas Borbas na \u00edntegra: <\/p>\n<p class=\"jarvics:base-text-neutral-high-400 base-text-[calc(theme(fontSize.xs)_*_var(--font-size,_1))] base-font-normal base-font-primary base-text-neutral-low-500 base-text-left\">\u2705<b>Para saber tudo do mundo dos famosos, <\/b><a href=\"https:\/\/whatsapp.com\/channel\/0029Va9UfKcHQbRyCyhPt71R\" rel=\"nofollow noopener\" target=\"_blank\"><b>siga o canal de entretenimento do R7<\/b><\/a><b>, o portal de not\u00edcias da Record, no WhatsApp<\/b><\/p>\n<p>Os textos aqui publicados <strong>n\u00e3o refletem<\/strong> necessariamente a opini\u00e3o do<strong> Grupo Record<\/strong>.<\/p>\n","protected":false},"excerpt":{"rendered":"Lucas Borbas apareceu abalado ap\u00f3s post em homenagem \u00e0 Isabel Veloso Reprodu\u00e7\u00e3o\/Instagram\/@lucasborbass O vi\u00favo de Isabel Veloso, Lucas&hellip;\n","protected":false},"author":2,"featured_media":231594,"comment_status":"","ping_status":"","sticky":false,"template":"","format":"standard","meta":{"footnotes":""},"categories":[145],"tags":[4552,211,210,114,115,3034,7733,32,33],"class_list":{"0":"post-231593","1":"post","2":"type-post","3":"status-publish","4":"format-standard","5":"has-post-thumbnail","7":"category-celebridades","8":"tag-a-hora-da-venenosa","9":"tag-celebridades","10":"tag-celebrities","11":"tag-entertainment","12":"tag-entretenimento","13":"tag-famosos-e-celebridades","14":"tag-isabel-veloso","15":"tag-portugal","16":"tag-pt"},"share_on_mastodon":{"url":"https:\/\/pubeurope.com\/@pt\/115905480933770863","error":""},"_links":{"self":[{"href":"https:\/\/www.europesays.com\/pt\/wp-json\/wp\/v2\/posts\/231593","targetHints":{"allow":["GET"]}}],"collection":[{"href":"https:\/\/www.europesays.com\/pt\/wp-json\/wp\/v2\/posts"}],"about":[{"href":"https:\/\/www.europesays.com\/pt\/wp-json\/wp\/v2\/types\/post"}],"author":[{"embeddable":true,"href":"https:\/\/www.europesays.com\/pt\/wp-json\/wp\/v2\/users\/2"}],"replies":[{"embeddable":true,"href":"https:\/\/www.europesays.com\/pt\/wp-json\/wp\/v2\/comments?post=231593"}],"version-history":[{"count":0,"href":"https:\/\/www.europesays.com\/pt\/wp-json\/wp\/v2\/posts\/231593\/revisions"}],"wp:featuredmedia":[{"embeddable":true,"href":"https:\/\/www.europesays.com\/pt\/wp-json\/wp\/v2\/media\/231594"}],"wp:attachment":[{"href":"https:\/\/www.europesays.com\/pt\/wp-json\/wp\/v2\/media?parent=231593"}],"wp:term":[{"taxonomy":"category","embeddable":true,"href":"https:\/\/www.europesays.com\/pt\/wp-json\/wp\/v2\/categories?post=231593"},{"taxonomy":"post_tag","embeddable":true,"href":"https:\/\/www.europesays.com\/pt\/wp-json\/wp\/v2\/tags?post=231593"}],"curies":[{"name":"wp","href":"https:\/\/api.w.org\/{rel}","templated":true}]}}