{"id":231599,"date":"2026-01-16T15:31:06","date_gmt":"2026-01-16T15:31:06","guid":{"rendered":"https:\/\/www.europesays.com\/pt\/231599\/"},"modified":"2026-01-16T15:31:06","modified_gmt":"2026-01-16T15:31:06","slug":"lancado-ha-5-meses-nos-cinemas-agora-no-streaming-os-fas-esperaram-22-anos-por-esta-sequencia-de-filme-classico-noticias-de-cinema","status":"publish","type":"post","link":"https:\/\/www.europesays.com\/pt\/231599\/","title":{"rendered":"Lan\u00e7ado h\u00e1 5 meses nos cinemas, agora no streaming: Os f\u00e3s esperaram 22 anos por esta sequ\u00eancia de filme cl\u00e1ssico &#8211; Not\u00edcias de cinema"},"content":{"rendered":"<p>Sexta-Feira Muito Louca, com Jamie Lee Curtis e Lindsay Lohan, goza de status cult. Mas foi apenas no \u00faltimo ano, 22 anos depois do primeiro filme, que Uma Sexta-Feira Mais Louca Ainda finalmente chegou.<\/p>\n<p class=\"bo-p\">H\u00e1 22 anos, <a href=\"https:\/\/www.adorocinema.com\/filmes\/filme-45664\/\" class=\"bo-link\" rel=\"nofollow noopener\" target=\"_blank\">Sexta-Feira Muito Louca<\/a> chegou aos cinemas e n\u00e3o s\u00f3 se tornou um sucesso de bilheteria, mas tamb\u00e9m garantiu um verdadeiro status cult ao longo do tempo. A charmosa com\u00e9dia de <a href=\"https:\/\/www.adorocinema.com\/personalidades\/personalidade-31367\/\" class=\"bo-link\" rel=\"nofollow noopener\" target=\"_blank\">Mark Waters<\/a> contava a hist\u00f3ria de como Tess (<a href=\"https:\/\/www.adorocinema.com\/personalidades\/personalidade-36517\/\" class=\"bo-link\" rel=\"nofollow noopener\" target=\"_blank\">Jamie Lee Curtis<\/a>) e sua filha Anna (<a href=\"https:\/\/www.adorocinema.com\/personalidades\/personalidade-18835\/\" class=\"bo-link\" rel=\"nofollow noopener\" target=\"_blank\">Lindsay Lohan<\/a>), de 15 anos, trocam de corpo de repente. O resultado foi um prazer caloroso, cheio de com\u00e9dia situacional, que ao mesmo tempo emocionou e convidou a um sorriso.<\/p>\n<p class=\"bo-p\">Embora o filme, que \u00e9 um remake do cl\u00e1ssico de 1976, tenha gerado grande entusiasmo e \u2013 como j\u00e1 mencionado \u2013 tenha tido um enorme sucesso de bilheteria, a sequ\u00eancia demorou a sair. Os f\u00e3s tiveram que ser pacientes por 22 anos inteiros at\u00e9 que, em agosto de 2025, finalmente aconteceu o reencontro com Tess e Anna em <a href=\"https:\/\/www.adorocinema.com\/filmes\/filme-316125\/\" class=\"bo-link\" rel=\"nofollow noopener\" target=\"_blank\">Uma Sexta-Feira Mais Louca Ainda<\/a>, que est\u00e1 dispon\u00edvel para streaming no <b>Disney+<\/b>.<\/p>\n<p>\u00c9 disso que se trata Uma Sexta-Feira Mais Louca Ainda:<\/p>\n<p class=\"bo-p\">Anna agora \u00e9 adulta e tem uma filha, Harper (<a href=\"https:\/\/www.adorocinema.com\/personalidades\/personalidade-761074\/\" class=\"bo-link\" rel=\"nofollow noopener\" target=\"_blank\">Julia Butters<\/a>). Ela est\u00e1 prestes a se casar com seu noivo Eric (<a href=\"https:\/\/www.adorocinema.com\/personalidades\/personalidade-659139\/\" class=\"bo-link\" rel=\"nofollow noopener\" target=\"_blank\">Manny Jacinto<\/a>). Mas a alegria \u00e9 ofuscada pelo fato de que Harper e Lily (<a href=\"https:\/\/www.adorocinema.com\/personalidades\/personalidade-913007\/\" class=\"bo-link\" rel=\"nofollow noopener\" target=\"_blank\">Sophia Hammons<\/a>), a filha de Eric, da mesma idade, n\u00e3o se suportam de jeito nenhum.<\/p>\n<p class=\"bo-p\">Um contratempo m\u00e1gico confunde as coisas novamente: desta vez, n\u00e3o s\u00e3o apenas Anna e Harper que trocam de corpo \u2013 Tess tamb\u00e9m \u00e9 afetada e acaba, de todas as pessoas, no corpo de Lily. E quando Jake (<a href=\"https:\/\/www.adorocinema.com\/personalidades\/personalidade-94363\/\" class=\"bo-link\" rel=\"nofollow noopener\" target=\"_blank\">Chad Michael Murray<\/a>), o antigo paquera de Anna no col\u00e9gio, aparece inesperadamente, o caos finalmente se instala&#8230;<\/p>\n<p>                                <img loading=\"lazy\" decoding=\"async\" class=\"article-figure-img\" src=\"https:\/\/www.europesays.com\/pt\/wp-content\/uploads\/2026\/01\/75a6dc87835b7390c2e02490c67244dd.jpg\" width=\"640\" height=\"320\" alt=\"\"\/><\/p>\n<p>                                    Walt Disney Company<\/p>\n<p>Uma Sexta-Feira Mais Louca Ainda vale a pena?<\/p>\n<p class=\"bo-p\">Sequ\u00eancias tardias muitas vezes despertam ceticismo em muitos f\u00e3s \u2013 e nem sempre sem raz\u00e3o. Mas no caso de Uma Sexta-Feira Mais Louca Ainda, voc\u00ea pode respirar aliviado: mesmo que a sequ\u00eancia n\u00e3o atinja totalmente o n\u00edvel do original, <a href=\"https:\/\/www.adorocinema.com\/personalidades\/personalidade-58332\/\" class=\"bo-link\" rel=\"nofollow noopener\" target=\"_blank\">Nisha Ganatra<\/a> conseguiu fazer um filme muito divertido e absolutamente imperd\u00edvel.<\/p>\n<p class=\"bo-p\">Na cr\u00edtica oficial do alem\u00e3o FILMSTARTS, a sequ\u00eancia recebeu s\u00f3lidas 3,5 de 5 estrelas. O autor Michael Bendix chega a uma conclus\u00e3o positiva: \u201cUma Sexta-Feira Mais Louca Ainda permanece fiel ao esp\u00edrito do antecessor sem se perder na nostalgia. O fato de o filme funcionar se deve principalmente a Lindsay Lohan e Jamie Lee Curtis, que harmonizam perfeitamente novamente, como h\u00e1 22 anos\u201d.<\/p>\n","protected":false},"excerpt":{"rendered":"Sexta-Feira Muito Louca, com Jamie Lee Curtis e Lindsay Lohan, goza de status cult. Mas foi apenas no&hellip;\n","protected":false},"author":2,"featured_media":231600,"comment_status":"","ping_status":"","sticky":false,"template":"","format":"standard","meta":{"footnotes":""},"categories":[140],"tags":[114,115,147,148,146,32,33],"class_list":{"0":"post-231599","1":"post","2":"type-post","3":"status-publish","4":"format-standard","5":"has-post-thumbnail","7":"category-filmes","8":"tag-entertainment","9":"tag-entretenimento","10":"tag-film","11":"tag-filmes","12":"tag-movies","13":"tag-portugal","14":"tag-pt"},"share_on_mastodon":{"url":"https:\/\/pubeurope.com\/@pt\/115905500573729269","error":""},"_links":{"self":[{"href":"https:\/\/www.europesays.com\/pt\/wp-json\/wp\/v2\/posts\/231599","targetHints":{"allow":["GET"]}}],"collection":[{"href":"https:\/\/www.europesays.com\/pt\/wp-json\/wp\/v2\/posts"}],"about":[{"href":"https:\/\/www.europesays.com\/pt\/wp-json\/wp\/v2\/types\/post"}],"author":[{"embeddable":true,"href":"https:\/\/www.europesays.com\/pt\/wp-json\/wp\/v2\/users\/2"}],"replies":[{"embeddable":true,"href":"https:\/\/www.europesays.com\/pt\/wp-json\/wp\/v2\/comments?post=231599"}],"version-history":[{"count":0,"href":"https:\/\/www.europesays.com\/pt\/wp-json\/wp\/v2\/posts\/231599\/revisions"}],"wp:featuredmedia":[{"embeddable":true,"href":"https:\/\/www.europesays.com\/pt\/wp-json\/wp\/v2\/media\/231600"}],"wp:attachment":[{"href":"https:\/\/www.europesays.com\/pt\/wp-json\/wp\/v2\/media?parent=231599"}],"wp:term":[{"taxonomy":"category","embeddable":true,"href":"https:\/\/www.europesays.com\/pt\/wp-json\/wp\/v2\/categories?post=231599"},{"taxonomy":"post_tag","embeddable":true,"href":"https:\/\/www.europesays.com\/pt\/wp-json\/wp\/v2\/tags?post=231599"}],"curies":[{"name":"wp","href":"https:\/\/api.w.org\/{rel}","templated":true}]}}