{"id":231606,"date":"2026-01-16T15:38:07","date_gmt":"2026-01-16T15:38:07","guid":{"rendered":"https:\/\/www.europesays.com\/pt\/231606\/"},"modified":"2026-01-16T15:38:07","modified_gmt":"2026-01-16T15:38:07","slug":"franca-avisa-eua-para-que-nao-pisem-o-risco-na-gronelandia-europa","status":"publish","type":"post","link":"https:\/\/www.europesays.com\/pt\/231606\/","title":{"rendered":"Fran\u00e7a avisa EUA para que n\u00e3o \u201cpisem o risco\u201d na Gronel\u00e2ndia &#8211; Europa"},"content":{"rendered":"<p class=\"\">&#13;<br \/>\n        O Governo franc\u00eas avisou a Administra\u00e7\u00e3o de Donald Trump do impacto negativo que uma escalada da posi\u00e7\u00e3o norte-americana quanto \u00e0 Gronel\u00e2ndia poder\u00e1 ter nas rela\u00e7\u00f5es comerciais com a Uni\u00e3o Europeia, afirmando que<b> o di\u00e1logo com Washington persistir\u00e1 na condi\u00e7\u00e3o de que os Estados Unidos n\u00e3o \u201cpisem o risco\u201d nas pretens\u00f5es quanto ao dom\u00ednio da ilha que \u00e9 territ\u00f3rio da Dinamarca.<\/b>&#13;\n    <\/p>\n<p class=\"\">&#13;<br \/>\n        Em declara\u00e7\u00f5es ao Financial Times, o ministro das Finan\u00e7as franc\u00eas, Roland Lescure, indicou ter sido essa mensagem transmitida em <b>reuni\u00e3o com o secret\u00e1rio do Tesouro norte-americano, Scott Bessent, na passada segunda-feira,<\/b> em Washington.&#13;\n    <\/p>\n<p class=\"\">&#13;<br \/>\n        \u201cA Gronel\u00e2ndia \u00e9 parte soberana de um pa\u00eds soberano que integra a Uni\u00e3o Europeia. N\u00e3o se deve mexer com isso\u201d, afirmou Lescure sobre as conversas mantidas. Ao mesmo tempo, o respons\u00e1vel franc\u00eas indicou que a F<b>ran\u00e7a pretende manter linha aberta com os Estados Unidos numa iniciativa em sede de G7 que \u00e9 liderada por Paris para a redu\u00e7\u00e3o da depend\u00eancia de minerais raros da China.<\/b> &#13;\n    <\/p>\n<p class=\"\">&#13;<br \/>\n        \u201cQuando discordamos, \u00e9 sempre melhor mantermo-nos envolvidos, e \u00e9 isso que estamos a fazer. O di\u00e1logo tem de continuar enquanto as os riscos que n\u00e3o devem ser pisados n\u00e3o forem pisados\u201d, indicou Lescure ao di\u00e1rio brit\u00e2nico.&#13;\n    <\/p>\n<p class=\"\">&#13;<br \/>\n        O respons\u00e1vel franc\u00eas<b> afastou no entanto um coment\u00e1rio sobre eventuais futuras san\u00e7\u00f5es econ\u00f3micas aos Estados Unidos<\/b>, cujo Presidente, Donald Trump, tem insistido em reivindica\u00e7\u00f5es sobre o territ\u00f3rio da Gronel\u00e2ndia, cuja tomada v\u00ea como um quest\u00e3o de \u201cseguran\u00e7a nacional\u201d.&#13;\n    <\/p>\n<p class=\"\">&#13;<br \/>\n        Nesta sexta-feira, uma delega\u00e7\u00e3o de <b>1<\/b><b>1 membros do Congresso dos Estados Unidos ir\u00e1 reunir-se com a primeira-ministra dinamarquesa, Mette Frederiksen, e com o primeiro-ministro groneland\u00eas, Jens-Frederik Nielsen,<\/b> numa visita na qual os norte-americanos pretendem transmitir apoio \u00e0s rela\u00e7\u00f5es EUA-Dinamarca e \u00e0 NATO tanto por parte de Democratas como Republicanos.&#13;\n    <\/p>\n","protected":false},"excerpt":{"rendered":"&#13; O Governo franc\u00eas avisou a Administra\u00e7\u00e3o de Donald Trump do impacto negativo que uma escalada da posi\u00e7\u00e3o&hellip;\n","protected":false},"author":2,"featured_media":231607,"comment_status":"","ping_status":"","sticky":false,"template":"","format":"standard","meta":{"footnotes":"","_share_on_mastodon":"0"},"categories":[50],"tags":[27,28,11368,92,235,15,16,208,12230,13033,14,42910,5453,39789,25,26,21,22,4637,62,12,13,19,20,23,24,44295,42563,44296,17,18,29,30,31,636,63,64,65],"class_list":["post-231606","post","type-post","status-publish","format-standard","has-post-thumbnail","category-mundo","tag-breaking-news","tag-breakingnews","tag-comentarios","tag-donald-trump","tag-estados-unidos","tag-featured-news","tag-featurednews","tag-franca","tag-g7","tag-gronelandia","tag-headlines","tag-indica","tag-irao","tag-jens-frederik-nielsen","tag-latest-news","tag-latestnews","tag-main-news","tag-mainnews","tag-mette-frederiksen","tag-mundo","tag-news","tag-noticias","tag-noticias-principais","tag-noticiasprincipais","tag-principais-noticias","tag-principaisnoticias","tag-roland-lescure","tag-sancoes-economicas","tag-scott-bessent","tag-top-stories","tag-topstories","tag-ultimas","tag-ultimas-noticias","tag-ultimasnoticias","tag-uniao-europeia","tag-world","tag-world-news","tag-worldnews"],"share_on_mastodon":{"url":"","error":"Validation failed: Text character limit of 500 exceeded"},"_links":{"self":[{"href":"https:\/\/www.europesays.com\/pt\/wp-json\/wp\/v2\/posts\/231606","targetHints":{"allow":["GET"]}}],"collection":[{"href":"https:\/\/www.europesays.com\/pt\/wp-json\/wp\/v2\/posts"}],"about":[{"href":"https:\/\/www.europesays.com\/pt\/wp-json\/wp\/v2\/types\/post"}],"author":[{"embeddable":true,"href":"https:\/\/www.europesays.com\/pt\/wp-json\/wp\/v2\/users\/2"}],"replies":[{"embeddable":true,"href":"https:\/\/www.europesays.com\/pt\/wp-json\/wp\/v2\/comments?post=231606"}],"version-history":[{"count":0,"href":"https:\/\/www.europesays.com\/pt\/wp-json\/wp\/v2\/posts\/231606\/revisions"}],"wp:featuredmedia":[{"embeddable":true,"href":"https:\/\/www.europesays.com\/pt\/wp-json\/wp\/v2\/media\/231607"}],"wp:attachment":[{"href":"https:\/\/www.europesays.com\/pt\/wp-json\/wp\/v2\/media?parent=231606"}],"wp:term":[{"taxonomy":"category","embeddable":true,"href":"https:\/\/www.europesays.com\/pt\/wp-json\/wp\/v2\/categories?post=231606"},{"taxonomy":"post_tag","embeddable":true,"href":"https:\/\/www.europesays.com\/pt\/wp-json\/wp\/v2\/tags?post=231606"}],"curies":[{"name":"wp","href":"https:\/\/api.w.org\/{rel}","templated":true}]}}