{"id":231610,"date":"2026-01-16T15:41:10","date_gmt":"2026-01-16T15:41:10","guid":{"rendered":"https:\/\/www.europesays.com\/pt\/231610\/"},"modified":"2026-01-16T15:41:10","modified_gmt":"2026-01-16T15:41:10","slug":"artista-viraliza-com-imagens-surreais","status":"publish","type":"post","link":"https:\/\/www.europesays.com\/pt\/231610\/","title":{"rendered":"Artista Viraliza com Imagens Surreais"},"content":{"rendered":"<p>\n                        Hey Reilly costuma criar imagens surpreendentes com intelig\u00eancia artificial\n                    <\/p>\n<ul class=\"article__header__author\">\n<li class=\"article__header__author__item\">\n                                                                                    <img loading=\"lazy\" decoding=\"async\" src=\"https:\/\/www.europesays.com\/pt\/wp-content\/uploads\/2025\/11\/microsoftteams-image-(23)-1jy7orqt0u4hi.png\" width=\"32\" height=\"32\" title=\"Reda\u00e7\u00e3o Terra\" alt=\"Reda\u00e7\u00e3o Terra\" class=\"author-picture\"\/><br \/>\n                                                                            Por:<br \/>\n                                                                                    Reda\u00e7\u00e3o Terra\n                                                                        <\/li>\n<\/ul>\n<p>\n                                    16 jan<br \/>\n                                    2026<br \/>\n                                     &#8211; 09h47\n                                <\/p>\n<p>\n                                                                                                                        (atualizado \u00e0s 09h54)\n                                                                            <\/p>\n<p>\n                        <b style=\"margin-bottom: 8px; display: inline-block;\">Resumo<\/b><br \/>O designer Hey Reilly viralizou com imagens criadas por intelig\u00eancia artificial que retratam cenas fict\u00edcias de uma festa p\u00f3s-Globo de Ouro com atores de Hollywood e geraram rea\u00e7\u00f5es pelo realismo.\n                    <\/p>\n<p><img loading=\"lazy\" decoding=\"async\" alt=\"Fotos feitas por IA remontam o que seria uma comemora\u00e7\u00e3o ca\u00f3tica ap\u00f3s o Globo de Ouro\" class=\"img-04d41cf4be9b52bc29040e74d81747fa3qntz3ne\" height=\"490\" src=\"https:\/\/www.europesays.com\/pt\/wp-content\/uploads\/2026\/01\/timothee-qhswigl396wj.PNG\"  title=\"Fotos feitas por IA remontam o que seria uma comemora\u00e7\u00e3o ca\u00f3tica ap\u00f3s o Globo de Ouro\" width=\"774\"\/><\/p>\n<p>Fotos feitas por IA remontam o que seria uma comemora\u00e7\u00e3o ca\u00f3tica ap\u00f3s o Globo de Ouro<\/p>\n<p>Foto: Reprodu\u00e7\u00e3o\/Instagram\/@hey_reilly<\/p>\n<p class=\"text\">J\u00e1 imaginou ver o <a href=\"https:\/\/www.terra.com.br\/diversao\/entre-telas\/o-melhor-filme-de-timothee-chalamet-segundo-o-proprio,30ab47ae5587be9eca286c3480412415k1r972fw.html\" rel=\"nofollow noopener\" target=\"_blank\">Timoth\u00e9e Chalamet<\/a>, astro de <a href=\"https:\/\/www.terra.com.br\/diversao\/entre-telas\/quando-estreia-marty-supreme-cinebiografia-pode-render-o-primeiro-oscar-de-timothee-chalamet,440003e49da347997715683b1611737cv75i2tx4.html\" rel=\"nofollow noopener\" target=\"_blank\">Marty Supreme<\/a>, pendurado em um lustre para comemorar a estatueta que ganhou no <a href=\"https:\/\/www.terra.com.br\/diversao\/entre-telas\/globo-de-ouro-veja-a-lista-com-todos-os-vencedores,b497176cb3ef60d532d60c7101d31b7a2lkg30xp.html\" rel=\"nofollow noopener\" target=\"_blank\">Globo de Ouro<\/a>, no \u00faltimo domingo, 12? O designer gr\u00e1fico Hey Reilly deu vida a esta e outras cenas fict\u00edcias de prestigiados atores e atrizes curtindo uma ca\u00f3tica festa p\u00f3s-Globo de Ouro. O surpreendente, no entanto, \u00e9 que as fotos n\u00e3o s\u00e3o reais, tendo sido criadas com o aux\u00edlio da intelig\u00eancia artificial.<\/p>\n<blockquote>\n<\/blockquote>\n<p class=\"text\">Queridinho de Hollywood, Timoth\u00e9e tamb\u00e9m aparece nas costas de Leonardo di Caprio. Outros artistas como Ariana Grande,\u00a0Jennifer Lopez, Teyana Taylor e Michael B. Jordan est\u00e3o nas imagens. Na legenda, o designer Reilly trata as cenas como reais.\u00a0<\/p>\n<p class=\"text\">&#8220;O que aconteceu no [hotel] Chateau Marmont fica no Chateau Marmont&#8230; mas a Kylie [Jenner] acabou de pegar as fotos do Snappy Snaps e n\u00f3s pens\u00e1mos: por que n\u00e3o partilhar algumas com todos voc\u00eas? Por favor, desculpem a qualidade, foi uma noite infernal, ent\u00e3o sinceramente estamos impressionados por haver fotos. E o Timo naquele lustre??? Tenho estado a rir desde ent\u00e3o&#8221;, escreveu.\u00a0<\/p>\n<blockquote class=\"instagram-media\" data-instgrm-captioned=\"\" data-instgrm-permalink=\"https:\/\/www.instagram.com\/p\/DTdwfm7gKjI\/?utm_source=ig_embed&amp;utm_campaign=loading\" data-instgrm-version=\"14\" style=\" background:#FFF; border:0; border-radius:3px; box-shadow:0 0 1px 0 rgba(0,0,0,0.5),0 1px 10px 0 rgba(0,0,0,0.15); margin: 1px; max-width:540px; min-width:326px; padding:0; width:99.375%; width:-webkit-calc(100% - 2px); width:calc(100% - 2px);\">\n<\/blockquote>\n<p class=\"text\">Nos coment\u00e1rios, os internautas comentaram o realismo das fotos. &#8220;Voc\u00ea me pegou por um segundo&#8221;, escreveu uma mulher. &#8220;Isso \u00e9 fant\u00e1stico. Eu quase acreditei por um momento&#8221;, disse outro.<\/p>\n<p class=\"text\">Uma seguidora sentiu falta do ator brasileiro Wagner Moura, que ganhou o Globo de Ouro de Melhor Ator de Drama pelo filme O Agente Secreto. &#8220;Faltou o Wagner, people&#8221;, escreveu.<\/p>\n<p class=\"text\">O artista Hey Reilly faz sucesso com montagens hiper-realistas feitas atrav\u00e9s de IA. Em outras publica\u00e7\u00f5es, ele chegou a trocar as pe\u00e7as de roupas que Timoth\u00e9e Chalamet e a socialite Kylie Jenner, sua namorada, usavam em um evento.\u00a0<\/p>\n<p>                            <script async src=\"\/\/www.instagram.com\/embed.js\"><\/script><\/p>\n","protected":false},"excerpt":{"rendered":"Hey Reilly costuma criar imagens surpreendentes com intelig\u00eancia artificial Por: Reda\u00e7\u00e3o Terra 16 jan 2026 &#8211; 09h47 (atualizado&hellip;\n","protected":false},"author":2,"featured_media":231611,"comment_status":"","ping_status":"","sticky":false,"template":"","format":"standard","meta":{"footnotes":""},"categories":[145],"tags":[211,210,114,115,32,33],"class_list":{"0":"post-231610","1":"post","2":"type-post","3":"status-publish","4":"format-standard","5":"has-post-thumbnail","7":"category-celebridades","8":"tag-celebridades","9":"tag-celebrities","10":"tag-entertainment","11":"tag-entretenimento","12":"tag-portugal","13":"tag-pt"},"share_on_mastodon":{"url":"https:\/\/pubeurope.com\/@pt\/115905539895173535","error":""},"_links":{"self":[{"href":"https:\/\/www.europesays.com\/pt\/wp-json\/wp\/v2\/posts\/231610","targetHints":{"allow":["GET"]}}],"collection":[{"href":"https:\/\/www.europesays.com\/pt\/wp-json\/wp\/v2\/posts"}],"about":[{"href":"https:\/\/www.europesays.com\/pt\/wp-json\/wp\/v2\/types\/post"}],"author":[{"embeddable":true,"href":"https:\/\/www.europesays.com\/pt\/wp-json\/wp\/v2\/users\/2"}],"replies":[{"embeddable":true,"href":"https:\/\/www.europesays.com\/pt\/wp-json\/wp\/v2\/comments?post=231610"}],"version-history":[{"count":0,"href":"https:\/\/www.europesays.com\/pt\/wp-json\/wp\/v2\/posts\/231610\/revisions"}],"wp:featuredmedia":[{"embeddable":true,"href":"https:\/\/www.europesays.com\/pt\/wp-json\/wp\/v2\/media\/231611"}],"wp:attachment":[{"href":"https:\/\/www.europesays.com\/pt\/wp-json\/wp\/v2\/media?parent=231610"}],"wp:term":[{"taxonomy":"category","embeddable":true,"href":"https:\/\/www.europesays.com\/pt\/wp-json\/wp\/v2\/categories?post=231610"},{"taxonomy":"post_tag","embeddable":true,"href":"https:\/\/www.europesays.com\/pt\/wp-json\/wp\/v2\/tags?post=231610"}],"curies":[{"name":"wp","href":"https:\/\/api.w.org\/{rel}","templated":true}]}}