{"id":231612,"date":"2026-01-16T15:46:10","date_gmt":"2026-01-16T15:46:10","guid":{"rendered":"https:\/\/www.europesays.com\/pt\/231612\/"},"modified":"2026-01-16T15:46:10","modified_gmt":"2026-01-16T15:46:10","slug":"park-ji-hoon-doramas-the-kings-warden-filme-trailer","status":"publish","type":"post","link":"https:\/\/www.europesays.com\/pt\/231612\/","title":{"rendered":"Park Ji-hoon doramas | The King&#8217;s Warden, filme, trailer"},"content":{"rendered":"<p>O filme\u00a0<strong>The King&#8217;s Warden<\/strong>,\u00a0estrelado por\u00a0<strong>Park Ji-hoon\u00a0<\/strong>(Classe dos Her\u00f3is Fracos), ganhou o seu primeiro trailer hoje (15) &#8211; confira acima.<\/p>\n<p>    Tudo sobre The King&#8217;s Warden<\/p>\n<p>            Continua depois da Publicidade<\/p>\n<p>The King&#8217;s Warden\u00a0acompanha a hist\u00f3ria do Rei Danjong (Park Ji-hoon), uma figura real de Joseon, nome antigo da Coreia do Sul mon\u00e1rquica. Danjong ascendeu ao trono aos 12 anos de idade, mas foi deposto por seu tio, o Pr\u00edncipe Suyang, e exilado para um prov\u00edncia nos limites de Joseon.<\/p>\n<p>\u00c9 neste per\u00edodo que o filme se passa &#8211; conhecemos Eom Heung-do (<strong>Yoo Hae-jin<\/strong>, de\u00a0O Motorista de T\u00e1xi), chefe do vilarejo de Cheongnyeongpo, que recebe o rei exilado voluntariamente a fim de revitalizar a economia do local.<\/p>\n<p>O elenco de\u00a0The King&#8217;s Warden\u00a0ainda conta com\u00a0<strong>Yoo Ji-tae\u00a0<\/strong>(Oldboy),\u00a0<strong>Jeon Mi-do\u00a0<\/strong>(Hospital Playlist) e\u00a0<strong>Lee Jun-hyuk\u00a0<\/strong>(Meu Secret\u00e1rio Perfeito). A dire\u00e7\u00e3o de\u00a0<strong>Jang Han-jun\u00a0<\/strong>(Rastros de um Sequestro).<\/p>\n<p>The King&#8217;s Warden\u00a0estreia nos cinemas sul-coreanos em\u00a0<strong>4 de fevereiro<\/strong>. Ainda n\u00e3o h\u00e1 distribui\u00e7\u00e3o garantida no Brasil.<\/p>\n<p>            Continua depois da Publicidade<\/p>\n","protected":false},"excerpt":{"rendered":"O filme\u00a0The King&#8217;s Warden,\u00a0estrelado por\u00a0Park Ji-hoon\u00a0(Classe dos Her\u00f3is Fracos), ganhou o seu primeiro trailer hoje (15) &#8211; confira&hellip;\n","protected":false},"author":2,"featured_media":231613,"comment_status":"","ping_status":"","sticky":false,"template":"","format":"standard","meta":{"footnotes":""},"categories":[140],"tags":[114,115,147,148,146,32,33],"class_list":{"0":"post-231612","1":"post","2":"type-post","3":"status-publish","4":"format-standard","5":"has-post-thumbnail","7":"category-filmes","8":"tag-entertainment","9":"tag-entretenimento","10":"tag-film","11":"tag-filmes","12":"tag-movies","13":"tag-portugal","14":"tag-pt"},"share_on_mastodon":{"url":"https:\/\/pubeurope.com\/@pt\/115905559927068171","error":""},"_links":{"self":[{"href":"https:\/\/www.europesays.com\/pt\/wp-json\/wp\/v2\/posts\/231612","targetHints":{"allow":["GET"]}}],"collection":[{"href":"https:\/\/www.europesays.com\/pt\/wp-json\/wp\/v2\/posts"}],"about":[{"href":"https:\/\/www.europesays.com\/pt\/wp-json\/wp\/v2\/types\/post"}],"author":[{"embeddable":true,"href":"https:\/\/www.europesays.com\/pt\/wp-json\/wp\/v2\/users\/2"}],"replies":[{"embeddable":true,"href":"https:\/\/www.europesays.com\/pt\/wp-json\/wp\/v2\/comments?post=231612"}],"version-history":[{"count":0,"href":"https:\/\/www.europesays.com\/pt\/wp-json\/wp\/v2\/posts\/231612\/revisions"}],"wp:featuredmedia":[{"embeddable":true,"href":"https:\/\/www.europesays.com\/pt\/wp-json\/wp\/v2\/media\/231613"}],"wp:attachment":[{"href":"https:\/\/www.europesays.com\/pt\/wp-json\/wp\/v2\/media?parent=231612"}],"wp:term":[{"taxonomy":"category","embeddable":true,"href":"https:\/\/www.europesays.com\/pt\/wp-json\/wp\/v2\/categories?post=231612"},{"taxonomy":"post_tag","embeddable":true,"href":"https:\/\/www.europesays.com\/pt\/wp-json\/wp\/v2\/tags?post=231612"}],"curies":[{"name":"wp","href":"https:\/\/api.w.org\/{rel}","templated":true}]}}