{"id":231614,"date":"2026-01-16T15:47:11","date_gmt":"2026-01-16T15:47:11","guid":{"rendered":"https:\/\/www.europesays.com\/pt\/231614\/"},"modified":"2026-01-16T15:47:11","modified_gmt":"2026-01-16T15:47:11","slug":"mourinho-reage-a-falhanco-de-pavlidis-no-dragao","status":"publish","type":"post","link":"https:\/\/www.europesays.com\/pt\/231614\/","title":{"rendered":"Mourinho reage a falhan\u00e7o de Pavlidis no Drag\u00e3o"},"content":{"rendered":"<p>Jos\u00e9 Mourinho reagiu com determina\u00e7\u00e3o \u00e0 frustra\u00e7\u00e3o do balne\u00e1rio e concretamente de\u00a0Vangelis\u00a0<a class=\"autolink-enabled\" data-resource-id=\"55942\" data-resource-type=\"player\" data-sport=\"football\" href=\"https:\/\/www.abola.pt\/futebol\/jogador\/pavlidis-55942\" rel=\"nofollow noopener\" target=\"_blank\">Pavlidis<\/a>\u00a0depois do golo falhado pelo ponta de lan\u00e7a aos 90+1 minutos do jogo\u00a0de quarta-feira em casa do <a class=\"autolink-enabled\" data-resource-id=\"451\" data-resource-type=\"team\" data-sport=\"football\" href=\"https:\/\/www.abola.pt\/futebol\/fc-porto-451\" rel=\"nofollow noopener\" target=\"_blank\">FC Porto<\/a>, que os encarnados perderam (0-1) e representou a elimina\u00e7\u00e3o da <a class=\"autolink-enabled\" data-resource-id=\"112\" data-resource-type=\"competition\" data-sport=\"football\" href=\"https:\/\/www.abola.pt\/futebol\/competicao\/taca-de-portugal-112\" rel=\"nofollow noopener\" target=\"_blank\">Ta\u00e7a de Portugal<\/a>.<\/p>\n<p>O lance era de f\u00e1cil concretiza\u00e7\u00e3o, mas o internacional grego falhou o remate quando estava sozinho, com a\u00a0linha de golo a cerca de dois metros e o\u00a0guarda-redes\u00a0<a class=\"autolink-enabled\" data-resource-id=\"125092\" data-resource-type=\"player\" data-sport=\"football\" href=\"https:\/\/www.abola.pt\/futebol\/jogador\/diogo-costa-125092\" rel=\"nofollow noopener\" target=\"_blank\">Diogo Costa<\/a> completamente fora do lance.<\/p>\n<p>No contexto da gest\u00e3o das emo\u00e7\u00f5es do jogo e dos seus momentos, o\u00a0t\u00e9cnico transmitiu a ideia que n\u00e3o o ir\u00e1 responsabilizar pela ocasi\u00e3o perdida, refor\u00e7ando a confian\u00e7a no jogador. Em campo,\u00a0<a target=\"_blank\" class=\"editor-link autolink-enabled\" href=\"https:\/\/www.abola.pt\/futebol\/jogador\/pavlidis-55942\" data-resource-id=\"55942\" data-resource-type=\"player\" data-sport=\"football\" rel=\"nofollow noopener\">Pavlidis<\/a>\u00a0reagiu com desalento e depois de falhar o remate abanou a cabe\u00e7a com insist\u00eancia. No final do jogo, aplaudiu os adeptos com olhar triste.<\/p>\n<p>Apesar da frustra\u00e7\u00e3o do jogador,\u00a0<a class=\"autolink-enabled\" data-resource-id=\"55942\" data-resource-type=\"player\" data-sport=\"football\" href=\"https:\/\/www.abola.pt\/futebol\/jogador\/pavlidis-55942\" rel=\"nofollow noopener\" target=\"_blank\">Pavlidis<\/a>\u00a0\u00e9 o melhor marcador do <a class=\"autolink-enabled\" data-resource-id=\"450\" data-resource-type=\"team\" data-sport=\"football\" href=\"https:\/\/www.abola.pt\/futebol\/benfica-450\" rel=\"nofollow noopener\" target=\"_blank\">Benfica<\/a>, com 24 golos e tr\u00eas assist\u00eancias em todas as competi\u00e7\u00f5es. Lidera tamb\u00e9m a lista de goleadores da <a class=\"autolink-enabled\" data-resource-id=\"13\" data-resource-type=\"competition\" data-sport=\"football\" href=\"https:\/\/www.abola.pt\/futebol\/competicao\/liga-portugal-betclic-13\" rel=\"nofollow noopener\" target=\"_blank\">Liga<\/a>, com 17 golos, mais dois que\u00a0Luis\u00a0Su\u00e1rez (<a class=\"autolink-enabled\" data-resource-id=\"448\" data-resource-type=\"team\" data-sport=\"football\" href=\"https:\/\/www.abola.pt\/futebol\/sporting-448\" rel=\"nofollow noopener\" target=\"_blank\">Sporting<\/a>). <\/p>\n<p>O grego \u00e9 o quarto jogador mais utilizado do plantel, com 33 jogos e 2.636 minutos \u2014 apenas atr\u00e1s de\u00a0<a class=\"autolink-enabled\" data-resource-id=\"59583\" data-resource-type=\"player\" data-sport=\"football\" href=\"https:\/\/www.abola.pt\/futebol\/jogador\/fredrik-aursnes-59583\" rel=\"nofollow noopener\" target=\"_blank\">Aursnes<\/a>\u00a0(2.898), <a class=\"autolink-enabled\" data-resource-id=\"213596\" data-resource-type=\"player\" data-sport=\"football\" href=\"https:\/\/www.abola.pt\/futebol\/jogador\/samuel-dahl-213596\" rel=\"nofollow noopener\" target=\"_blank\">Dahl<\/a> (2.797) e\u00a0<a class=\"autolink-enabled\" data-resource-id=\"1978\" data-resource-type=\"player\" data-sport=\"football\" href=\"https:\/\/www.abola.pt\/futebol\/jogador\/nicolas-otamendi-1978\" rel=\"nofollow noopener\" target=\"_blank\">Otamendi<\/a>\u00a0(2.790). Raz\u00f5es de sobra para Jos\u00e9 Mourinho lembrar o que de bom\u00a0Vangelis\u00a0<a class=\"autolink-enabled\" data-resource-id=\"55942\" data-resource-type=\"player\" data-sport=\"football\" href=\"https:\/\/www.abola.pt\/futebol\/jogador\/pavlidis-55942\" rel=\"nofollow noopener\" target=\"_blank\">Pavlidis<\/a>\u00a0j\u00e1 fez pela equipa e passar a mensagem de que o atacante ainda dar\u00e1 v\u00e1rias alegrias aos benfiquistas at\u00e9 final da temporada.<\/p>\n","protected":false},"excerpt":{"rendered":"Jos\u00e9 Mourinho reagiu com determina\u00e7\u00e3o \u00e0 frustra\u00e7\u00e3o do balne\u00e1rio e concretamente de\u00a0Vangelis\u00a0Pavlidis\u00a0depois do golo falhado pelo ponta de&hellip;\n","protected":false},"author":2,"featured_media":231615,"comment_status":"","ping_status":"","sticky":false,"template":"","format":"standard","meta":{"footnotes":""},"categories":[87],"tags":[135,32,33,134],"class_list":{"0":"post-231614","1":"post","2":"type-post","3":"status-publish","4":"format-standard","5":"has-post-thumbnail","7":"category-desporto","8":"tag-desporto","9":"tag-portugal","10":"tag-pt","11":"tag-sports"},"share_on_mastodon":{"url":"https:\/\/pubeurope.com\/@pt\/115905563474684309","error":""},"_links":{"self":[{"href":"https:\/\/www.europesays.com\/pt\/wp-json\/wp\/v2\/posts\/231614","targetHints":{"allow":["GET"]}}],"collection":[{"href":"https:\/\/www.europesays.com\/pt\/wp-json\/wp\/v2\/posts"}],"about":[{"href":"https:\/\/www.europesays.com\/pt\/wp-json\/wp\/v2\/types\/post"}],"author":[{"embeddable":true,"href":"https:\/\/www.europesays.com\/pt\/wp-json\/wp\/v2\/users\/2"}],"replies":[{"embeddable":true,"href":"https:\/\/www.europesays.com\/pt\/wp-json\/wp\/v2\/comments?post=231614"}],"version-history":[{"count":0,"href":"https:\/\/www.europesays.com\/pt\/wp-json\/wp\/v2\/posts\/231614\/revisions"}],"wp:featuredmedia":[{"embeddable":true,"href":"https:\/\/www.europesays.com\/pt\/wp-json\/wp\/v2\/media\/231615"}],"wp:attachment":[{"href":"https:\/\/www.europesays.com\/pt\/wp-json\/wp\/v2\/media?parent=231614"}],"wp:term":[{"taxonomy":"category","embeddable":true,"href":"https:\/\/www.europesays.com\/pt\/wp-json\/wp\/v2\/categories?post=231614"},{"taxonomy":"post_tag","embeddable":true,"href":"https:\/\/www.europesays.com\/pt\/wp-json\/wp\/v2\/tags?post=231614"}],"curies":[{"name":"wp","href":"https:\/\/api.w.org\/{rel}","templated":true}]}}