{"id":231616,"date":"2026-01-16T15:48:12","date_gmt":"2026-01-16T15:48:12","guid":{"rendered":"https:\/\/www.europesays.com\/pt\/231616\/"},"modified":"2026-01-16T15:48:12","modified_gmt":"2026-01-16T15:48:12","slug":"acoes-de-prevencao-zeram-casos-de-dengue-em-pp-na-1a-quinzena-de-2026-cuidados-continuam","status":"publish","type":"post","link":"https:\/\/www.europesays.com\/pt\/231616\/","title":{"rendered":"A\u00e7\u00f5es de preven\u00e7\u00e3o zeram casos de dengue em PP na 1\u00aa quinzena de 2026; cuidados continuam"},"content":{"rendered":"<p>Presidente Prudente iniciou 2026 com um dado positivo no enfrentamento \u00e0 dengue. De acordo com as novas diretrizes do Grupo de Vigil\u00e2ncia Epidemiol\u00f3gica (GVE), o munic\u00edpio n\u00e3o registrou nenhum caso da doen\u00e7a nos primeiros 15 dias de janeiro deste ano. No mesmo per\u00edodo de 2025, foram confirmados 345 casos.<\/p>\n<p>O resultado reflete as a\u00e7\u00f5es preventivas e de combate ao mosquito transmissor da dengue, o Aedes aegypti, realizadas ao longo do \u00faltimo ano, como mutir\u00f5es de limpeza, orienta\u00e7\u00f5es porta a porta, atividades educativas no centro da cidade e iniciativas como o programa Prudente + Limpa, voltado \u00e0 elimina\u00e7\u00e3o de criadouros e ao descarte correto de res\u00edduos.<\/p>\n<p>\u201cDesde que assumimos a Prefeitura, intensificamos o cuidado com o enfrentamento \u00e0 dengue, com mutir\u00f5es, a\u00e7\u00f5es de orienta\u00e7\u00e3o e a limpeza cont\u00ednua da cidade. No fim do ano, refor\u00e7amos esse trabalho com o programa Prudente + Limpa. Esse conjunto de a\u00e7\u00f5es, aliado \u00e0 conscientiza\u00e7\u00e3o da popula\u00e7\u00e3o, foi fundamental para zerarmos o n\u00famero de casos\u201d, afirmou o prefeito de Presidente Prudente, Milton Carlos de Mello, Tup\u00e3.<\/p>\n<p>Mesmo com zero caso positivo em 2026, a Secretaria Municipal de Sa\u00fade (Sesau) refor\u00e7a que o cuidado precisa ser cont\u00ednuo. O ver\u00e3o, marcado por calor e chuvas, favorece a prolifera\u00e7\u00e3o do mosquito transmissor da dengue, e a colabora\u00e7\u00e3o da popula\u00e7\u00e3o \u00e9 importante para manter os \u00edndices sob controle.<\/p>\n<p>\u201cN\u00e3o podemos nos descuidar. Cada pessoa precisa continuar fazendo a sua parte, cuidando do quintal e eliminando poss\u00edveis criadouros. A dengue \u00e9 uma doen\u00e7a grave, que pode levar \u00e0 morte, e a preven\u00e7\u00e3o depende do compromisso de todos\u201d, afirmou a secret\u00e1ria municipal de Sa\u00fade, Adriana Vit\u00f3rio.<\/p>\n<p>Para que o munic\u00edpio continue sem casos, a orienta\u00e7\u00e3o \u00e9 simples e eficaz: manter os quintais limpos, eliminar qualquer recipiente que possa acumular \u00e1gua, verificar calhas, ralos e caixas-d\u2019\u00e1gua, al\u00e9m de descartar corretamente materiais inserv\u00edveis. Pequenas atitudes no dia a dia fazem a diferen\u00e7a no combate \u00e0 dengue.<\/p>\n<p>Em janeiro de 2025, Presidente Prudente fechou o m\u00eas com 1.503 casos da doen\u00e7a, al\u00e9m de duas mortes confirmadas. Ao longo de todo o ano passado, foram 30.014 casos confirmados e 24 pessoas perderam a vida por dengue no munic\u00edpio, dados que refor\u00e7am a import\u00e2ncia de cada um fazer a sua parte.<\/p>\n<p>Fonte: Secretaria de Comunica\u00e7\u00e3o<\/p>\n","protected":false},"excerpt":{"rendered":"Presidente Prudente iniciou 2026 com um dado positivo no enfrentamento \u00e0 dengue. De acordo com as novas diretrizes&hellip;\n","protected":false},"author":2,"featured_media":231617,"comment_status":"","ping_status":"","sticky":false,"template":"","format":"standard","meta":{"footnotes":""},"categories":[86],"tags":[116,32,33,117],"class_list":{"0":"post-231616","1":"post","2":"type-post","3":"status-publish","4":"format-standard","5":"has-post-thumbnail","7":"category-saude","8":"tag-health","9":"tag-portugal","10":"tag-pt","11":"tag-saude"},"share_on_mastodon":{"url":"https:\/\/pubeurope.com\/@pt\/115905567275068167","error":""},"_links":{"self":[{"href":"https:\/\/www.europesays.com\/pt\/wp-json\/wp\/v2\/posts\/231616","targetHints":{"allow":["GET"]}}],"collection":[{"href":"https:\/\/www.europesays.com\/pt\/wp-json\/wp\/v2\/posts"}],"about":[{"href":"https:\/\/www.europesays.com\/pt\/wp-json\/wp\/v2\/types\/post"}],"author":[{"embeddable":true,"href":"https:\/\/www.europesays.com\/pt\/wp-json\/wp\/v2\/users\/2"}],"replies":[{"embeddable":true,"href":"https:\/\/www.europesays.com\/pt\/wp-json\/wp\/v2\/comments?post=231616"}],"version-history":[{"count":0,"href":"https:\/\/www.europesays.com\/pt\/wp-json\/wp\/v2\/posts\/231616\/revisions"}],"wp:featuredmedia":[{"embeddable":true,"href":"https:\/\/www.europesays.com\/pt\/wp-json\/wp\/v2\/media\/231617"}],"wp:attachment":[{"href":"https:\/\/www.europesays.com\/pt\/wp-json\/wp\/v2\/media?parent=231616"}],"wp:term":[{"taxonomy":"category","embeddable":true,"href":"https:\/\/www.europesays.com\/pt\/wp-json\/wp\/v2\/categories?post=231616"},{"taxonomy":"post_tag","embeddable":true,"href":"https:\/\/www.europesays.com\/pt\/wp-json\/wp\/v2\/tags?post=231616"}],"curies":[{"name":"wp","href":"https:\/\/api.w.org\/{rel}","templated":true}]}}