{"id":231624,"date":"2026-01-16T15:53:14","date_gmt":"2026-01-16T15:53:14","guid":{"rendered":"https:\/\/www.europesays.com\/pt\/231624\/"},"modified":"2026-01-16T15:53:14","modified_gmt":"2026-01-16T15:53:14","slug":"varios-distritos-com-temperaturas-negativas-a-partir-desta-sexta-feira-2","status":"publish","type":"post","link":"https:\/\/www.europesays.com\/pt\/231624\/","title":{"rendered":"V\u00e1rios distritos com temperaturas negativas a partir desta sexta-feira"},"content":{"rendered":"<p class=\"category\"><a href=\"https:\/\/sicnoticias.pt\/meteorologia\" rel=\"nofollow noopener\" target=\"_blank\">Meteorologia<\/a><\/p>\n<p>Sete distritos est\u00e3o sob aviso amarelo at\u00e9 \u00e0s 18:00 desta sexta-feira, podendo registar temperaturas at\u00e9 -3\u00b0C. O IPMA alerta forma\u00e7\u00e3o de gelo no Interior Norte e Centro.<\/p>\n<p><img decoding=\"async\" src=\"https:\/\/www.europesays.com\/pt\/wp-content\/uploads\/2026\/01\/1768566023_883_original.webp\" alt=\"V\u00e1rios distritos com temperaturas negativas a partir desta sexta-feira \"\/><\/p>\n<p>Canva<\/p>\n<p style=\"text-align: start;\"><strong>V\u00e1rios <\/strong><strong>distritos de Portugal continental v\u00e3o registar temperaturas negativas a partir desta sexta-feira<\/strong><strong> <\/strong><strong>d<\/strong><strong>evido a uma massa de ar polar vinda da Gronel\u00e2ndia.<\/strong><\/p>\n<p style=\"text-align: start;\">A partir desta sexta-feira, espera-se chuva intensa e vento frio em todo o territ\u00f3rio.<\/p>\n<p style=\"text-align: start;\">No Norte do pa\u00eds n\u00e3o se exclui a possibilidade de queda de neve durante o fim de semana.<\/p>\n<p style=\"text-align: start;\">Distritos como<strong> <\/strong><strong>Bragan\u00e7a, Viseu, Guarda, Vila Real, Viana do Castelo, Castelo Branco e Braga,<\/strong><strong> que estar\u00e3o sob aviso amarelo at\u00e9 \u00e0s 18:00 desta sexta-feira, para queda de neve<\/strong> acima dos mil metros de altura dever\u00e3o registar temperaturas negativas, que podem chegar aos tr\u00eas graus negativos em alguns destes distritos.<\/p>\n<p style=\"text-align: start;\">O IPMA alerta ainda para a forma\u00e7\u00e3o de gelo, em especial no Interior Norte e Centro.<\/p>\n<p style=\"text-align: start;\">A neve e o gelo podem provocar perturba\u00e7\u00f5es como vias condicionadas ou interditas e danos em estruturas ou \u00e1rvores.<\/p>\n","protected":false},"excerpt":{"rendered":"Meteorologia Sete distritos est\u00e3o sob aviso amarelo at\u00e9 \u00e0s 18:00 desta sexta-feira, podendo registar temperaturas at\u00e9 -3\u00b0C. O&hellip;\n","protected":false},"author":2,"featured_media":231362,"comment_status":"","ping_status":"","sticky":false,"template":"","format":"standard","meta":{"footnotes":""},"categories":[10],"tags":[27,28,15,16,14,25,26,21,22,12,13,19,20,32,23,24,33,17,18,29,30,31],"class_list":{"0":"post-231624","1":"post","2":"type-post","3":"status-publish","4":"format-standard","5":"has-post-thumbnail","7":"category-portugal","8":"tag-breaking-news","9":"tag-breakingnews","10":"tag-featured-news","11":"tag-featurednews","12":"tag-headlines","13":"tag-latest-news","14":"tag-latestnews","15":"tag-main-news","16":"tag-mainnews","17":"tag-news","18":"tag-noticias","19":"tag-noticias-principais","20":"tag-noticiasprincipais","21":"tag-portugal","22":"tag-principais-noticias","23":"tag-principaisnoticias","24":"tag-pt","25":"tag-top-stories","26":"tag-topstories","27":"tag-ultimas","28":"tag-ultimas-noticias","29":"tag-ultimasnoticias"},"share_on_mastodon":{"url":"https:\/\/pubeurope.com\/@pt\/115905586988717700","error":""},"_links":{"self":[{"href":"https:\/\/www.europesays.com\/pt\/wp-json\/wp\/v2\/posts\/231624","targetHints":{"allow":["GET"]}}],"collection":[{"href":"https:\/\/www.europesays.com\/pt\/wp-json\/wp\/v2\/posts"}],"about":[{"href":"https:\/\/www.europesays.com\/pt\/wp-json\/wp\/v2\/types\/post"}],"author":[{"embeddable":true,"href":"https:\/\/www.europesays.com\/pt\/wp-json\/wp\/v2\/users\/2"}],"replies":[{"embeddable":true,"href":"https:\/\/www.europesays.com\/pt\/wp-json\/wp\/v2\/comments?post=231624"}],"version-history":[{"count":0,"href":"https:\/\/www.europesays.com\/pt\/wp-json\/wp\/v2\/posts\/231624\/revisions"}],"wp:featuredmedia":[{"embeddable":true,"href":"https:\/\/www.europesays.com\/pt\/wp-json\/wp\/v2\/media\/231362"}],"wp:attachment":[{"href":"https:\/\/www.europesays.com\/pt\/wp-json\/wp\/v2\/media?parent=231624"}],"wp:term":[{"taxonomy":"category","embeddable":true,"href":"https:\/\/www.europesays.com\/pt\/wp-json\/wp\/v2\/categories?post=231624"},{"taxonomy":"post_tag","embeddable":true,"href":"https:\/\/www.europesays.com\/pt\/wp-json\/wp\/v2\/tags?post=231624"}],"curies":[{"name":"wp","href":"https:\/\/api.w.org\/{rel}","templated":true}]}}