{"id":231690,"date":"2026-01-16T16:57:11","date_gmt":"2026-01-16T16:57:11","guid":{"rendered":"https:\/\/www.europesays.com\/pt\/231690\/"},"modified":"2026-01-16T16:57:11","modified_gmt":"2026-01-16T16:57:11","slug":"manchester-city-antecipa-se-e-avanca-com-35-milhoes-de-euros-por-defesa-em-final-de-contrato","status":"publish","type":"post","link":"https:\/\/www.europesays.com\/pt\/231690\/","title":{"rendered":"Manchester City antecipa-se e avan\u00e7a com 35 milh\u00f5es de euros por defesa em final de contrato"},"content":{"rendered":"<p>&#8211; Advertisement &#8211;<\/p>\n<p><strong>O Manchester City quer ganhar a corrida pela contrata\u00e7\u00e3o de Marc Gu\u00e9hi. Cityzens v\u00e3o apresentar proposta pelo central do Crystal Palace. <\/strong><\/p>\n<p>O Manchester City est\u00e1 na corrida pela contrata\u00e7\u00e3o de Marc Gu\u00e9hi, defesa central em final de contrato com o Crystal Palace, e quer antecipar-se \u00e0 concorr\u00eancia. Segundo Fabrizio Romano, nas pr\u00f3ximas horas os cityzens far\u00e3o uma proposta oficial junto dos eagles para contratar o jogador j\u00e1 em janeiro.<\/p>\n<p>A Sky Sports d\u00e1 conta dos detalhes de uma proposta que deve chegar a valores a rondar os 35 milh\u00f5es de euros (um pouco abaixo das <a href=\"https:\/\/bolanarede.pt\/especial-bola-na-rede\/atualidade\/crystal-palace-define-preco-para-vender-marc-guehi-no-mercado-de-janeiro\/\" target=\"_blank\" rel=\"noreferrer noopener nofollow\">pretens\u00f5es do Palace<\/a>). Apesar da possibilidade de um pr\u00e9-contrato para o ver\u00e3o, sem qualquer custo de transfer\u00eancia, o Manchester City n\u00e3o quer entrar numa disputa alargada e pretende colmatar um problema identificado ap\u00f3s as les\u00f5es de jogadores como R\u00faben Dias ou Josko Gvardiol. <\/p>\n<p>Da parte de Marc Gu\u00e9hi, que <a href=\"https:\/\/bolanarede.pt\/especial-bola-na-rede\/atualidade\/mas-noticias-para-o-liverpool-marc-guehi-fica-no-crystal-palace\/\" target=\"_blank\" rel=\"noreferrer noopener nofollow\">esteve muito perto do Liverpool no ver\u00e3o<\/a>, n\u00e3o haver\u00e1 grandes entraves \u00e0 transfer\u00eancia, uma vez que o jogador quer dar o salto para um clube de outra dimens\u00e3o. Esta \u00e9poca, a \u00faltima no Crystal Palace, o defesa ingl\u00eas de 25 anos realizou 33 jogos pelo seu clube. <\/p>\n<blockquote class=\"twitter-tweet\" data-width=\"550\" data-dnt=\"true\">\n<p lang=\"en\" dir=\"ltr\">\ud83d\udea8\ud83d\udd35 EXCLUSIVE: Manchester City advance on Marc Guehi deal as big approach has been made in the last 12h.<\/p>\n<p>Manchester City presented important proposal to Guehi in terms of contract, eventually ready to proceed also with Crystal Palace.<\/p>\n<p>Deal now closer with <a href=\"https:\/\/twitter.com\/hashtag\/MCFC?src=hash&amp;ref_src=twsrc%5Etfw\" rel=\"nofollow noopener\" target=\"_blank\">#MCFC<\/a>. \ud83c\udff4\udb40\udc67\udb40\udc62\udb40\udc65\udb40\udc6e\udb40\udc67\udb40\udc7f <a href=\"https:\/\/t.co\/WLBka7ueqO\" rel=\"nofollow\">pic.twitter.com\/WLBka7ueqO<\/a><\/p>\n<p>\u2014 Fabrizio Romano (@FabrizioRomano) <a href=\"https:\/\/twitter.com\/FabrizioRomano\/status\/2012114902274486517?ref_src=twsrc%5Etfw\" rel=\"nofollow noopener\" target=\"_blank\">January 16, 2026<\/a><\/p><\/blockquote>\n<p><script async src=\"https:\/\/platform.twitter.com\/widgets.js\" charset=\"utf-8\"><\/script><\/p>\n","protected":false},"excerpt":{"rendered":"&#8211; Advertisement &#8211; O Manchester City quer ganhar a corrida pela contrata\u00e7\u00e3o de Marc Gu\u00e9hi. Cityzens v\u00e3o apresentar&hellip;\n","protected":false},"author":2,"featured_media":231691,"comment_status":"","ping_status":"","sticky":false,"template":"","format":"standard","meta":{"footnotes":""},"categories":[87],"tags":[260,8322,135,1382,44313,32,666,33,134],"class_list":{"0":"post-231690","1":"post","2":"type-post","3":"status-publish","4":"format-standard","5":"has-post-thumbnail","7":"category-desporto","8":"tag-atualidade","9":"tag-crystal-palace","10":"tag-desporto","11":"tag-manchester-city","12":"tag-marc-guehi","13":"tag-portugal","14":"tag-premier-league","15":"tag-pt","16":"tag-sports"},"share_on_mastodon":{"url":"https:\/\/pubeurope.com\/@pt\/115905838672130085","error":""},"_links":{"self":[{"href":"https:\/\/www.europesays.com\/pt\/wp-json\/wp\/v2\/posts\/231690","targetHints":{"allow":["GET"]}}],"collection":[{"href":"https:\/\/www.europesays.com\/pt\/wp-json\/wp\/v2\/posts"}],"about":[{"href":"https:\/\/www.europesays.com\/pt\/wp-json\/wp\/v2\/types\/post"}],"author":[{"embeddable":true,"href":"https:\/\/www.europesays.com\/pt\/wp-json\/wp\/v2\/users\/2"}],"replies":[{"embeddable":true,"href":"https:\/\/www.europesays.com\/pt\/wp-json\/wp\/v2\/comments?post=231690"}],"version-history":[{"count":0,"href":"https:\/\/www.europesays.com\/pt\/wp-json\/wp\/v2\/posts\/231690\/revisions"}],"wp:featuredmedia":[{"embeddable":true,"href":"https:\/\/www.europesays.com\/pt\/wp-json\/wp\/v2\/media\/231691"}],"wp:attachment":[{"href":"https:\/\/www.europesays.com\/pt\/wp-json\/wp\/v2\/media?parent=231690"}],"wp:term":[{"taxonomy":"category","embeddable":true,"href":"https:\/\/www.europesays.com\/pt\/wp-json\/wp\/v2\/categories?post=231690"},{"taxonomy":"post_tag","embeddable":true,"href":"https:\/\/www.europesays.com\/pt\/wp-json\/wp\/v2\/tags?post=231690"}],"curies":[{"name":"wp","href":"https:\/\/api.w.org\/{rel}","templated":true}]}}