{"id":231700,"date":"2026-01-16T17:03:13","date_gmt":"2026-01-16T17:03:13","guid":{"rendered":"https:\/\/www.europesays.com\/pt\/231700\/"},"modified":"2026-01-16T17:03:13","modified_gmt":"2026-01-16T17:03:13","slug":"inspetor-da-asae-que-baleou-rival-fica-em-prisao-domiciliaria","status":"publish","type":"post","link":"https:\/\/www.europesays.com\/pt\/231700\/","title":{"rendered":"Inspetor da ASAE que baleou rival fica em pris\u00e3o domicili\u00e1ria"},"content":{"rendered":"<p data-remotead-prev-elm=\"true\" data-remotead-elm-id=\"inread\">Cristiano Santos, 45 anos, presidente da Associa\u00e7\u00e3o Sindical dos Funcion\u00e1rios da ASAE, vai ficar detido em pris\u00e3o domicili\u00e1ria, pelo crime de ofensa \u00e0 integridade f\u00edsica, ap\u00f3s ter disparado, na ter\u00e7a-feira, sobre um homem, ferindo-o num bra\u00e7o, por acreditar ser amante da mulher, disse ao JN fonte policial. A medida de coa\u00e7\u00e3o foi decretada esta manh\u00e3, pelo Tribunal de Leiria.<\/p>\n<p>Ap\u00f3s cometer o crime com a arma de servi\u00e7o, na Rua Miguel Torga, situada na zona urbana da Marinha Grande, o inspetor da ASAE entregou-se na esquadra da PSP local, onde passou duas noites nos calabou\u00e7os, pois o juiz de instru\u00e7\u00e3o criminal s\u00f3 determinou a medida de coa\u00e7\u00e3o um dia ap\u00f3s o agressor ter sido inquirido. A pena de pris\u00e3o domicili\u00e1ria n\u00e3o ser\u00e1 cumprida na casa onde vivia com a mulher, em Leiria, mas de um familiar.<\/p>\n<p>\u00c0 Lusa, a ASAE fez saber que &#8220;tomou conhecimento do caso noticiado&#8221;, que est\u00e1 entregue as autoridades competentes. &#8220;Ser\u00e3o acionadas as medidas internas necess\u00e1rias de natureza administrativa, em fun\u00e7\u00e3o das medidas de coa\u00e7\u00e3o que venham a ser aplicadas pela autoridade judici\u00e1ria, com o rigor e o acompanhamento da situa\u00e7\u00e3o no \u00e2mbito das compet\u00eancias legais da ASAE&#8221;, declarou.<\/p>\n<p>Colegas de trabalho<\/p>\n<p data-remotead-prev-elm=\"true\" data-remotead-elm-id=\"centro1\">A suspeita de que a mulher teria um relacionamento amoroso com um colega com o qual trabalha numa institui\u00e7\u00e3o de benefic\u00eancia na Marinha Grande ter\u00e1 sido o m\u00f3bil do crime cometido por Cristiano Santos, que provocou ferimentos ligeiros no homem, de 47 anos, residente em Our\u00e9m, no distrito de Santar\u00e9m. At\u00e9 ao momento, a v\u00edtima ainda n\u00e3o apresentou queixa nas autoridades.<\/p>\n<p>No dia do crime, Eduardo Abreu, comandante dos Bombeiros Volunt\u00e1rios da Marinha Grande, contou ao JN que &#8220;a v\u00edtima comentou que tinha sido baleada por um indiv\u00edduo do sexo masculino, que j\u00e1 n\u00e3o estava no local&#8221;. O homem estava &#8220;em p\u00e9 agarrado ao bra\u00e7o&#8221;, quando os bombeiros chegaram, ap\u00f3s ter sido dado o alerta via 112. &#8220;Tinha uma ferida incisiva, mas n\u00e3o apanhou nenhum vaso<\/p>\n<p>sangu\u00edneo consider\u00e1vel. Estava consciente e orientado, e entrou pelo p\u00e9 dele na ambul\u00e2ncia.&#8221; Foi assistido no Hospital de Santo Andr\u00e9, em Leiria.<\/p>\n","protected":false},"excerpt":{"rendered":"Cristiano Santos, 45 anos, presidente da Associa\u00e7\u00e3o Sindical dos Funcion\u00e1rios da ASAE, vai ficar detido em pris\u00e3o domicili\u00e1ria,&hellip;\n","protected":false},"author":2,"featured_media":231701,"comment_status":"","ping_status":"","sticky":false,"template":"","format":"standard","meta":{"footnotes":""},"categories":[10],"tags":[15350,27,28,604,15,16,14,603,25,26,21,22,12,13,19,20,32,23,24,44316,33,17,18,29,30,31],"class_list":{"0":"post-231700","1":"post","2":"type-post","3":"status-publish","4":"format-standard","5":"has-post-thumbnail","7":"category-portugal","8":"tag-asae","9":"tag-breaking-news","10":"tag-breakingnews","11":"tag-crime","12":"tag-featured-news","13":"tag-featurednews","14":"tag-headlines","15":"tag-justica","16":"tag-latest-news","17":"tag-latestnews","18":"tag-main-news","19":"tag-mainnews","20":"tag-news","21":"tag-noticias","22":"tag-noticias-principais","23":"tag-noticiasprincipais","24":"tag-portugal","25":"tag-principais-noticias","26":"tag-principaisnoticias","27":"tag-prisao-domiciliaria","28":"tag-pt","29":"tag-top-stories","30":"tag-topstories","31":"tag-ultimas","32":"tag-ultimas-noticias","33":"tag-ultimasnoticias"},"share_on_mastodon":{"url":"https:\/\/pubeurope.com\/@pt\/115905862213221482","error":""},"_links":{"self":[{"href":"https:\/\/www.europesays.com\/pt\/wp-json\/wp\/v2\/posts\/231700","targetHints":{"allow":["GET"]}}],"collection":[{"href":"https:\/\/www.europesays.com\/pt\/wp-json\/wp\/v2\/posts"}],"about":[{"href":"https:\/\/www.europesays.com\/pt\/wp-json\/wp\/v2\/types\/post"}],"author":[{"embeddable":true,"href":"https:\/\/www.europesays.com\/pt\/wp-json\/wp\/v2\/users\/2"}],"replies":[{"embeddable":true,"href":"https:\/\/www.europesays.com\/pt\/wp-json\/wp\/v2\/comments?post=231700"}],"version-history":[{"count":0,"href":"https:\/\/www.europesays.com\/pt\/wp-json\/wp\/v2\/posts\/231700\/revisions"}],"wp:featuredmedia":[{"embeddable":true,"href":"https:\/\/www.europesays.com\/pt\/wp-json\/wp\/v2\/media\/231701"}],"wp:attachment":[{"href":"https:\/\/www.europesays.com\/pt\/wp-json\/wp\/v2\/media?parent=231700"}],"wp:term":[{"taxonomy":"category","embeddable":true,"href":"https:\/\/www.europesays.com\/pt\/wp-json\/wp\/v2\/categories?post=231700"},{"taxonomy":"post_tag","embeddable":true,"href":"https:\/\/www.europesays.com\/pt\/wp-json\/wp\/v2\/tags?post=231700"}],"curies":[{"name":"wp","href":"https:\/\/api.w.org\/{rel}","templated":true}]}}