{"id":231709,"date":"2026-01-16T17:11:10","date_gmt":"2026-01-16T17:11:10","guid":{"rendered":"https:\/\/www.europesays.com\/pt\/231709\/"},"modified":"2026-01-16T17:11:10","modified_gmt":"2026-01-16T17:11:10","slug":"manchester-city-fecha-contratacao-de-defesa-cobicado-da-premier-league","status":"publish","type":"post","link":"https:\/\/www.europesays.com\/pt\/231709\/","title":{"rendered":"Manchester City fecha contrata\u00e7\u00e3o de defesa cobi\u00e7ado da Premier League"},"content":{"rendered":"<p>&#8211; Advertisement &#8211;<\/p>\n<p><strong>O Manchester City fechou a contrata\u00e7\u00e3o de Marc Gu\u00e9hi ao Crystal Palace. Citizens v\u00e3o pagar cerca de 23 milh\u00f5es de euros pelo defesa.<\/strong><\/p>\n<p>Marc Gu\u00e9hi vai ser jogador do Manchester City, garante Fabrizio Romano. A mesma fonte refere que o defesa-central deixar\u00e1 o Crystal Palace e assinar\u00e1 com o conjunto de Pep Guardiola, numa transfer\u00eancia a rondar os 23 milh\u00f5es de euros. <\/p>\n<p>Est\u00e1 assim tudo alinhado para a transfer\u00eancia de Marc Gu\u00e9hi para o Manchester City, depois de o Crystal Palace aceitar a proposta e o jogador tamb\u00e9m ter dado luz verde. O defesa-central de 25 anos <a href=\"https:\/\/bolanarede.pt\/especial-bola-na-rede\/atualidade\/mas-noticias-para-o-liverpool-marc-guehi-fica-no-crystal-palace\/\" target=\"_blank\" rel=\"noreferrer noopener nofollow\">esteve muito perto do Liverpool no ver\u00e3o passado.<\/a><\/p>\n<p>Nesta temporada, Marc Gu\u00e9hi leva at\u00e9 ao momento 33 partidas, tr\u00eas golos e tr\u00eas assist\u00eancias ao servi\u00e7o do Crystal Palace, clube a que pertence desde 2021\/22.<\/p>\n<blockquote class=\"twitter-tweet\" data-width=\"550\" data-dnt=\"true\">\n<p lang=\"en\" dir=\"ltr\">\ud83d\udea8\ud83d\udca3 BREAKING: Marc Guehi to Manchester City, HERE WE GO! \ud83d\udc99<\/p>\n<p>Official proposal accepted by Crystal Palace right now \u2014 understand fee will be around \u00a320m.<\/p>\n<p>Guehi has ACCEPTED move to <a href=\"https:\/\/twitter.com\/hashtag\/MCFC?src=hash&amp;ref_src=twsrc%5Etfw\" rel=\"nofollow noopener\" target=\"_blank\">#MCFC<\/a>.<\/p>\n<p>Exclusive story, now confirmed. \ud83e\udde8 <a href=\"https:\/\/t.co\/Vo4bKmyzCU\" rel=\"nofollow\">pic.twitter.com\/Vo4bKmyzCU<\/a><\/p>\n<p>\u2014 Fabrizio Romano (@FabrizioRomano) <a href=\"https:\/\/twitter.com\/FabrizioRomano\/status\/2012160916456878359?ref_src=twsrc%5Etfw\" rel=\"nofollow noopener\" target=\"_blank\">January 16, 2026<\/a><\/p><\/blockquote>\n<p><script async src=\"https:\/\/platform.twitter.com\/widgets.js\" charset=\"utf-8\"><\/script><\/p>\n","protected":false},"excerpt":{"rendered":"&#8211; Advertisement &#8211; O Manchester City fechou a contrata\u00e7\u00e3o de Marc Gu\u00e9hi ao Crystal Palace. Citizens v\u00e3o pagar&hellip;\n","protected":false},"author":2,"featured_media":231710,"comment_status":"","ping_status":"","sticky":false,"template":"","format":"standard","meta":{"footnotes":""},"categories":[87],"tags":[260,8322,135,1382,44313,32,666,33,134],"class_list":{"0":"post-231709","1":"post","2":"type-post","3":"status-publish","4":"format-standard","5":"has-post-thumbnail","7":"category-desporto","8":"tag-atualidade","9":"tag-crystal-palace","10":"tag-desporto","11":"tag-manchester-city","12":"tag-marc-guehi","13":"tag-portugal","14":"tag-premier-league","15":"tag-pt","16":"tag-sports"},"share_on_mastodon":{"url":"https:\/\/pubeurope.com\/@pt\/115905893765460492","error":""},"_links":{"self":[{"href":"https:\/\/www.europesays.com\/pt\/wp-json\/wp\/v2\/posts\/231709","targetHints":{"allow":["GET"]}}],"collection":[{"href":"https:\/\/www.europesays.com\/pt\/wp-json\/wp\/v2\/posts"}],"about":[{"href":"https:\/\/www.europesays.com\/pt\/wp-json\/wp\/v2\/types\/post"}],"author":[{"embeddable":true,"href":"https:\/\/www.europesays.com\/pt\/wp-json\/wp\/v2\/users\/2"}],"replies":[{"embeddable":true,"href":"https:\/\/www.europesays.com\/pt\/wp-json\/wp\/v2\/comments?post=231709"}],"version-history":[{"count":0,"href":"https:\/\/www.europesays.com\/pt\/wp-json\/wp\/v2\/posts\/231709\/revisions"}],"wp:featuredmedia":[{"embeddable":true,"href":"https:\/\/www.europesays.com\/pt\/wp-json\/wp\/v2\/media\/231710"}],"wp:attachment":[{"href":"https:\/\/www.europesays.com\/pt\/wp-json\/wp\/v2\/media?parent=231709"}],"wp:term":[{"taxonomy":"category","embeddable":true,"href":"https:\/\/www.europesays.com\/pt\/wp-json\/wp\/v2\/categories?post=231709"},{"taxonomy":"post_tag","embeddable":true,"href":"https:\/\/www.europesays.com\/pt\/wp-json\/wp\/v2\/tags?post=231709"}],"curies":[{"name":"wp","href":"https:\/\/api.w.org\/{rel}","templated":true}]}}