{"id":231715,"date":"2026-01-16T17:16:09","date_gmt":"2026-01-16T17:16:09","guid":{"rendered":"https:\/\/www.europesays.com\/pt\/231715\/"},"modified":"2026-01-16T17:16:09","modified_gmt":"2026-01-16T17:16:09","slug":"nato-garante-apoio-fundamental-a-zelensky-observador","status":"publish","type":"post","link":"https:\/\/www.europesays.com\/pt\/231715\/","title":{"rendered":"NATO garante &#8220;apoio fundamental&#8221; a Zelensky \u2013 Observador"},"content":{"rendered":"<p>Acompanhe o nosso <a href=\"https:\/\/observador.pt\/liveblogs\/donald-trump-diz-que-volodymyr-zelensky-esta-a-bloquear-negociacoes-de-paz\/\" rel=\"nofollow noopener\" target=\"_blank\">liveblog sobre guerra na Ucr\u00e2nia<\/a><\/p>\n<p>O secret\u00e1rio-geral da NATO, Mark Rutte, transmitiu esta quinta-feira ao Presidente ucraniano, Volodymyr Zelensky, empenho em garantir que a Ucr\u00e2nia receber\u00e1 \u201capoio fundamental\u201d, ap\u00f3s os recentes ataques russos que levaram \u00e0 declara\u00e7\u00e3o do estado de emerg\u00eancia energ\u00e9tica no pa\u00eds.<\/p>\n<p>\u201cComprometemo-nos a garantir que a <strong>Ucr\u00e2nia continuar\u00e1 a receber o apoio fundamental<\/strong> de que necessita para se defender e, em \u00faltima inst\u00e2ncia, assegurar uma paz duradoura\u201d, afirmou o l\u00edder da Organiza\u00e7\u00e3o do Tratado do Atl\u00e2ntico-Norte (NATO, bloco de defesa ocidental), numa mensagem publicada nas redes sociais.<\/p>\n<p>Indicou ainda que, durante a conversa telef\u00f3nica que manteve com Zelensky, abordaram \u201ca situa\u00e7\u00e3o energ\u00e9tica na Ucr\u00e2nia, o terr\u00edvel sofrimento humano causado pelos ataques russos e os esfor\u00e7os em curso para p\u00f4r fim \u00e0 guerra\u201d.<\/p>\n<p>Estas declara\u00e7\u00f5es surgem depois de o Presidente norte-americano, Donald Trump, ter criticado Zelensky por estar a impedir uma solu\u00e7\u00e3o pac\u00edfica para o conflito, e n\u00e3o o hom\u00f3logo russo, Vladimir Putin, o que foi aplaudido pelo Kremlin.<\/p>\n<p>A R\u00fassia invadiu a Ucr\u00e2nia a 24 de fevereiro de 2022, com o argumento de proteger as minorias separatistas pr\u00f3-russas no leste e \u201cdesnazificar\u201d o pa\u00eds vizinho, independente desde 1991 \u2014 ap\u00f3s o desmoronamento da Uni\u00e3o Sovi\u00e9tica \u2014 e que tem vindo a afastar-se da esfera de influ\u00eancia de Moscovo e a aproximar-se da Europa e do Ocidente.<\/p>\n<p>A guerra na Ucr\u00e2nia j\u00e1 provocou dezenas de milhares de mortos de ambos os lados, e os \u00faltimos meses foram marcados por ataques a\u00e9reos em grande escala da R\u00fassia a cidades e infraestruturas ucranianas, ao passo que as for\u00e7as de Kiev t\u00eam visado, em ofensivas com drones, alvos militares em territ\u00f3rio russo e na pen\u00ednsula da Crimeia, ilegalmente anexada por Moscovo em 2014.<\/p>\n<p>No plano diplom\u00e1tico, a R\u00fassia rejeitou at\u00e9 agora qualquer cessar-fogo prolongado e exige, para p\u00f4r fim ao conflito, que a Ucr\u00e2nia lhe ceda quatro regi\u00f5es \u2014\u00a0Donetsk, Lugansk, Kherson e Zaporijia \u2014 al\u00e9m da pen\u00ednsula da Crimeia anexada em 2014, e renuncie para sempre a aderir \u00e0 NATO.<\/p>\n<p>Estas condi\u00e7\u00f5es \u2014\u00a0constantes do plano de paz apresentado pelo Presidente norte-americano, Donald Trump, para solucionar o conflito \u2013 s\u00e3o consideradas inaceit\u00e1veis pela Ucr\u00e2nia, que exige um cessar-fogo incondicional de 30 dias antes de entabular negocia\u00e7\u00f5es de paz com Moscovo e que os aliados europeus lhe forne\u00e7am garantias de seguran\u00e7a de que n\u00e3o voltar\u00e1 a ser alvo de ataque.<\/p>\n","protected":false},"excerpt":{"rendered":"Acompanhe o nosso liveblog sobre guerra na Ucr\u00e2nia O secret\u00e1rio-geral da NATO, Mark Rutte, transmitiu esta quinta-feira ao&hellip;\n","protected":false},"author":2,"featured_media":231716,"comment_status":"","ping_status":"","sticky":false,"template":"","format":"standard","meta":{"footnotes":""},"categories":[50],"tags":[27,28,445,15,16,1123,14,25,26,21,22,62,3400,12,13,19,20,23,24,17,18,1124,29,30,31,63,64,65],"class_list":{"0":"post-231715","1":"post","2":"type-post","3":"status-publish","4":"format-standard","5":"has-post-thumbnail","7":"category-mundo","8":"tag-breaking-news","9":"tag-breakingnews","10":"tag-europa","11":"tag-featured-news","12":"tag-featurednews","13":"tag-guerra-na-ucru00e2nia","14":"tag-headlines","15":"tag-latest-news","16":"tag-latestnews","17":"tag-main-news","18":"tag-mainnews","19":"tag-mundo","20":"tag-nato","21":"tag-news","22":"tag-noticias","23":"tag-noticias-principais","24":"tag-noticiasprincipais","25":"tag-principais-noticias","26":"tag-principaisnoticias","27":"tag-top-stories","28":"tag-topstories","29":"tag-ucru00e2nia","30":"tag-ultimas","31":"tag-ultimas-noticias","32":"tag-ultimasnoticias","33":"tag-world","34":"tag-world-news","35":"tag-worldnews"},"share_on_mastodon":{"url":"https:\/\/pubeurope.com\/@pt\/115905913500545446","error":""},"_links":{"self":[{"href":"https:\/\/www.europesays.com\/pt\/wp-json\/wp\/v2\/posts\/231715","targetHints":{"allow":["GET"]}}],"collection":[{"href":"https:\/\/www.europesays.com\/pt\/wp-json\/wp\/v2\/posts"}],"about":[{"href":"https:\/\/www.europesays.com\/pt\/wp-json\/wp\/v2\/types\/post"}],"author":[{"embeddable":true,"href":"https:\/\/www.europesays.com\/pt\/wp-json\/wp\/v2\/users\/2"}],"replies":[{"embeddable":true,"href":"https:\/\/www.europesays.com\/pt\/wp-json\/wp\/v2\/comments?post=231715"}],"version-history":[{"count":0,"href":"https:\/\/www.europesays.com\/pt\/wp-json\/wp\/v2\/posts\/231715\/revisions"}],"wp:featuredmedia":[{"embeddable":true,"href":"https:\/\/www.europesays.com\/pt\/wp-json\/wp\/v2\/media\/231716"}],"wp:attachment":[{"href":"https:\/\/www.europesays.com\/pt\/wp-json\/wp\/v2\/media?parent=231715"}],"wp:term":[{"taxonomy":"category","embeddable":true,"href":"https:\/\/www.europesays.com\/pt\/wp-json\/wp\/v2\/categories?post=231715"},{"taxonomy":"post_tag","embeddable":true,"href":"https:\/\/www.europesays.com\/pt\/wp-json\/wp\/v2\/tags?post=231715"}],"curies":[{"name":"wp","href":"https:\/\/api.w.org\/{rel}","templated":true}]}}