{"id":231717,"date":"2026-01-16T17:17:10","date_gmt":"2026-01-16T17:17:10","guid":{"rendered":"https:\/\/www.europesays.com\/pt\/231717\/"},"modified":"2026-01-16T17:17:10","modified_gmt":"2026-01-16T17:17:10","slug":"centrais-fotovoltaicas-e-barragens-na-agenda-da-reuniao-com-ministra-do-ambiente-e-energia","status":"publish","type":"post","link":"https:\/\/www.europesays.com\/pt\/231717\/","title":{"rendered":"Centrais Fotovoltaicas e Barragens na agenda da reuni\u00e3o com Ministra do Ambiente e Energia"},"content":{"rendered":"<p>A CIMBB \u2013 Comunidade Intermunicipal da Beira Baixa \u2013 esteve reunida no Minist\u00e9rio do Ambiente e Energia, em Lisboa, com a presen\u00e7a da ministra da tutela, Maria da Gra\u00e7a Carvalho; o secret\u00e1rio de Estado Adjunto e da Energia, Jean Barroca; e o presidente da APA \u2013 Ag\u00eancia Portuguesa do Ambiente -, Jos\u00e9 Pimenta Machado. A Comunidade esteve representada pelos presidentes de seis Munic\u00edpios e pelo primeiro-secret\u00e1rio Executivo.<\/p>\n<p>Os principais pontos da agenda foram os projetos de duas Centrais Solares Fotovoltaicas para a regi\u00e3o (Beira e Sophia), a constru\u00e7\u00e3o da Barragem Ocreza\/Alvito e o Programa Especial da Albufeira de Castelo do Bode.<\/p>\n<p>Relativamente \u00e0s Centrais Solares Fotovoltaicas, a CIMBB conta que os autarcas manifestaram o compromisso com a transi\u00e7\u00e3o energ\u00e9tica, mas consideraram que os projetos em quest\u00e3o t\u00eam efeitos bastante nocivos para o territ\u00f3rio, apontando para a ocupa\u00e7\u00e3o de solos com grande aptid\u00e3o para a produ\u00e7\u00e3o agr\u00edcola, efeitos perniciosos para a economia rural e a sa\u00fade p\u00fablica, e impactos na biodiversidade, que podem comprometer a atra\u00e7\u00e3o e fixa\u00e7\u00e3o de habitantes.<\/p>\n<p>Da parte do Governo, tanto a ministra como o secret\u00e1rio de Estado sublinharam a import\u00e2ncia da transi\u00e7\u00e3o energ\u00e9tica, e consideraram a necessidade de rever os projetos, entendendo que o valor da paisagem e as preocupa\u00e7\u00f5es das popula\u00e7\u00f5es devem ser tidas em conta. Os autarcas contrapuseram que a salvaguarda do patrim\u00f3nio natural e a preserva\u00e7\u00e3o do potencial econ\u00f3mico dos territ\u00f3rios rurais n\u00e3o s\u00e3o negoci\u00e1veis, n\u00e3o estando, portanto, em causa a obten\u00e7\u00e3o de compensa\u00e7\u00f5es.<\/p>\n<p>No tema das Barragens, foi feito o alerta, por parte da CIMBB, para um problema estrutural na Barragem Marechal Carmona, em Idanha-a-Nova, que o presidente da APA disse conhecer. A CIMBB reiterou a defesa da Barragem de Ocreza\/Alvito, com a Minist\u00e9rio do Ambiente e Energia a responder que est\u00e1 entre as tr\u00eas priorit\u00e1rias na Estrat\u00e9gia Nacional de Gest\u00e3o da \u00c1gua, estando dependente da nova concess\u00e3o para produ\u00e7\u00e3o de energia hidroel\u00e9trica no aproveitamento hidroel\u00e9trico do Cabril.<\/p>\n<p>Quanto ao Programa Especial da Albufeira de Castelo do Bode, a preocupa\u00e7\u00e3o dos autarcas, expressa \u00e0 tutela, tem a ver com as desajustadas restri\u00e7\u00f5es do documento, apontando que, dentro da natural preven\u00e7\u00e3o ambiental, haja margem para o desenvolvimento da economia local.<\/p>\n<p>A reuni\u00e3o de 13 de janeiro foi solicitada ao Minist\u00e9rio do Ambiente e Energia no final de 2025.<\/p>\n<ul class=\"embed-photo-gallery-list\">\n<li class=\"embed-photo-gallery-image\">\n<p>        <a class=\"trigger\" href=\"https:\/\/thumbs.web.sapo.io?H=1000&amp;W=1000&amp;delay_optim=1&amp;epic=V2%3AjnAivipuBsGUzaZTkhHecd9H16Uq4%2FiMuhUtoVD%2BH3pjc%2BpNzI133HukMAvPbTpkzKakpNX4%2F7qnhVPJ4A%2BD5gbx246iod7GOW2talyKUqyq2lkw4RTqoie60QOG%2FW0zpkw6cuYbvzmT4XyUaEO8Zygb%2BwMd3WQvWs2HMwyM9oqEq28xsob47pU1zoOUPvIdm1ScDGp4wHtCZhSAIfslNZj6Vvf565Zj4ENuSfb7sIUbRTWYF7Yeb3aNooBpkrrn&amp;webp=1\" rel=\"nofollow noopener\" target=\"_blank\"><\/p>\n<p>                <img decoding=\"async\" loading=\"lazy\" src=\"https:\/\/www.europesays.com\/pt\/wp-content\/uploads\/2026\/01\/1768583830_222_thumbs.web.sapo.io.jpeg\" alt=\"\" type=\"image\/jpeg\" \/><\/p>\n<p>        <\/a>\n<\/li>\n<li class=\"embed-photo-gallery-image\">\n<p>        <a class=\"trigger\" href=\"https:\/\/thumbs.web.sapo.io?H=1000&amp;W=1000&amp;delay_optim=1&amp;epic=V2%3AldxPtu5mczeV%2BPC4u0Bx0TKdiqGrYFj4ChaNJ0ye4BC1%2By42YCnIxwOO2jYlU%2F1d7anr5Virkj0Xy2gmyFZ3ttlh%2BbSFpQXuzyjHISms93fRavsU3sgaxt%2B9Wn2UZjA2rIAZ9vu5q5QIxNIl6wXzITh%2Fy3fAlbyI11E6kPRC2rji8qb52wSeH1F0t%2BsoML51xhoClZWGuvA2k51HV5oMMmLU5w%2FhEJv55CFyQX9O9QB3QjmtsTB4Fixbd6d%2B%2BlYl&amp;webp=1\" rel=\"nofollow noopener\" target=\"_blank\"><\/p>\n<p>                <img decoding=\"async\" loading=\"lazy\" src=\"https:\/\/www.europesays.com\/pt\/wp-content\/uploads\/2026\/01\/1768583830_692_thumbs.web.sapo.io.jpeg\" alt=\"\" type=\"image\/jpeg\" \/><\/p>\n<p>        <\/a>\n<\/li>\n<\/ul>\n","protected":false},"excerpt":{"rendered":"A CIMBB \u2013 Comunidade Intermunicipal da Beira Baixa \u2013 esteve reunida no Minist\u00e9rio do Ambiente e Energia, em&hellip;\n","protected":false},"author":2,"featured_media":231718,"comment_status":"","ping_status":"","sticky":false,"template":"","format":"standard","meta":{"footnotes":""},"categories":[10],"tags":[27,28,15,16,14,25,26,21,22,12,13,19,20,32,23,24,33,17,18,29,30,31],"class_list":{"0":"post-231717","1":"post","2":"type-post","3":"status-publish","4":"format-standard","5":"has-post-thumbnail","7":"category-portugal","8":"tag-breaking-news","9":"tag-breakingnews","10":"tag-featured-news","11":"tag-featurednews","12":"tag-headlines","13":"tag-latest-news","14":"tag-latestnews","15":"tag-main-news","16":"tag-mainnews","17":"tag-news","18":"tag-noticias","19":"tag-noticias-principais","20":"tag-noticiasprincipais","21":"tag-portugal","22":"tag-principais-noticias","23":"tag-principaisnoticias","24":"tag-pt","25":"tag-top-stories","26":"tag-topstories","27":"tag-ultimas","28":"tag-ultimas-noticias","29":"tag-ultimasnoticias"},"share_on_mastodon":{"url":"https:\/\/pubeurope.com\/@pt\/115905917416819971","error":""},"_links":{"self":[{"href":"https:\/\/www.europesays.com\/pt\/wp-json\/wp\/v2\/posts\/231717","targetHints":{"allow":["GET"]}}],"collection":[{"href":"https:\/\/www.europesays.com\/pt\/wp-json\/wp\/v2\/posts"}],"about":[{"href":"https:\/\/www.europesays.com\/pt\/wp-json\/wp\/v2\/types\/post"}],"author":[{"embeddable":true,"href":"https:\/\/www.europesays.com\/pt\/wp-json\/wp\/v2\/users\/2"}],"replies":[{"embeddable":true,"href":"https:\/\/www.europesays.com\/pt\/wp-json\/wp\/v2\/comments?post=231717"}],"version-history":[{"count":0,"href":"https:\/\/www.europesays.com\/pt\/wp-json\/wp\/v2\/posts\/231717\/revisions"}],"wp:featuredmedia":[{"embeddable":true,"href":"https:\/\/www.europesays.com\/pt\/wp-json\/wp\/v2\/media\/231718"}],"wp:attachment":[{"href":"https:\/\/www.europesays.com\/pt\/wp-json\/wp\/v2\/media?parent=231717"}],"wp:term":[{"taxonomy":"category","embeddable":true,"href":"https:\/\/www.europesays.com\/pt\/wp-json\/wp\/v2\/categories?post=231717"},{"taxonomy":"post_tag","embeddable":true,"href":"https:\/\/www.europesays.com\/pt\/wp-json\/wp\/v2\/tags?post=231717"}],"curies":[{"name":"wp","href":"https:\/\/api.w.org\/{rel}","templated":true}]}}