{"id":231719,"date":"2026-01-16T17:18:24","date_gmt":"2026-01-16T17:18:24","guid":{"rendered":"https:\/\/www.europesays.com\/pt\/231719\/"},"modified":"2026-01-16T17:18:24","modified_gmt":"2026-01-16T17:18:24","slug":"trump-ameaca-impor-tarifas-a-paises-que-nao-concordem-com-plano-dos-eua-para-a-gronelandia","status":"publish","type":"post","link":"https:\/\/www.europesays.com\/pt\/231719\/","title":{"rendered":"Trump amea\u00e7a impor tarifas a pa\u00edses que n\u00e3o concordem com plano dos EUA para a Gronel\u00e2ndia"},"content":{"rendered":"<p class=\"category\"><a href=\"https:\/\/sicnoticias.pt\/mundo\" rel=\"nofollow noopener\" target=\"_blank\">Mundo<\/a><\/p>\n<p class=\"status breakingnews\">\u00daltima hora<\/p>\n<p class=\"g-article-lead lead\" data-field=\"lead\">A ideia foi defendida pelo Presidente norte-americano num evento sobre sa\u00fade na Casa Branca.<\/p>\n<p><img decoding=\"async\" src=\"https:\/\/www.europesays.com\/pt\/wp-content\/uploads\/2025\/12\/1765276270_106_original.webp\" alt=\"Trump amea\u00e7a impor tarifas a pa\u00edses que n\u00e3o concordem com plano dos EUA para a Gronel\u00e2ndia\"\/><\/p>\n<p><strong>Donald Trump amea\u00e7a impor tarifas aos pa\u00edses que n\u00e3o concordem com o plano dos Estados Unidos para a Gronel\u00e2ndia. A ideia foi transmitida h\u00e1 pouco \u00e0 margem de um evento na Casa Branca.<\/strong><\/p>\n<p>Trump insiste que os Estados Unidos precisam da Gronel\u00e2ndia por uma quest\u00e3o de seguran\u00e7a nacional.<\/p>\n<p>Em atualiza\u00e7\u00e3o<\/p>\n","protected":false},"excerpt":{"rendered":"Mundo \u00daltima hora A ideia foi defendida pelo Presidente norte-americano num evento sobre sa\u00fade na Casa Branca. Donald&hellip;\n","protected":false},"author":2,"featured_media":181201,"comment_status":"","ping_status":"","sticky":false,"template":"","format":"standard","meta":{"footnotes":""},"categories":[8],"tags":[27,28,15,16,14,25,26,21,22,12,13,19,20,32,23,24,33,17,18,29,30,31],"class_list":{"0":"post-231719","1":"post","2":"type-post","3":"status-publish","4":"format-standard","5":"has-post-thumbnail","7":"category-principais-noticias","8":"tag-breaking-news","9":"tag-breakingnews","10":"tag-featured-news","11":"tag-featurednews","12":"tag-headlines","13":"tag-latest-news","14":"tag-latestnews","15":"tag-main-news","16":"tag-mainnews","17":"tag-news","18":"tag-noticias","19":"tag-noticias-principais","20":"tag-noticiasprincipais","21":"tag-portugal","22":"tag-principais-noticias","23":"tag-principaisnoticias","24":"tag-pt","25":"tag-top-stories","26":"tag-topstories","27":"tag-ultimas","28":"tag-ultimas-noticias","29":"tag-ultimasnoticias"},"share_on_mastodon":{"url":"https:\/\/pubeurope.com\/@pt\/115905921280746452","error":""},"_links":{"self":[{"href":"https:\/\/www.europesays.com\/pt\/wp-json\/wp\/v2\/posts\/231719","targetHints":{"allow":["GET"]}}],"collection":[{"href":"https:\/\/www.europesays.com\/pt\/wp-json\/wp\/v2\/posts"}],"about":[{"href":"https:\/\/www.europesays.com\/pt\/wp-json\/wp\/v2\/types\/post"}],"author":[{"embeddable":true,"href":"https:\/\/www.europesays.com\/pt\/wp-json\/wp\/v2\/users\/2"}],"replies":[{"embeddable":true,"href":"https:\/\/www.europesays.com\/pt\/wp-json\/wp\/v2\/comments?post=231719"}],"version-history":[{"count":0,"href":"https:\/\/www.europesays.com\/pt\/wp-json\/wp\/v2\/posts\/231719\/revisions"}],"wp:featuredmedia":[{"embeddable":true,"href":"https:\/\/www.europesays.com\/pt\/wp-json\/wp\/v2\/media\/181201"}],"wp:attachment":[{"href":"https:\/\/www.europesays.com\/pt\/wp-json\/wp\/v2\/media?parent=231719"}],"wp:term":[{"taxonomy":"category","embeddable":true,"href":"https:\/\/www.europesays.com\/pt\/wp-json\/wp\/v2\/categories?post=231719"},{"taxonomy":"post_tag","embeddable":true,"href":"https:\/\/www.europesays.com\/pt\/wp-json\/wp\/v2\/tags?post=231719"}],"curies":[{"name":"wp","href":"https:\/\/api.w.org\/{rel}","templated":true}]}}