{"id":231720,"date":"2026-01-16T17:19:22","date_gmt":"2026-01-16T17:19:22","guid":{"rendered":"https:\/\/www.europesays.com\/pt\/231720\/"},"modified":"2026-01-16T17:19:22","modified_gmt":"2026-01-16T17:19:22","slug":"rita-almeida-quebra-silencio-apos-morte-de-maycon-e-rumores-de-separacao-de-marcelo-palma-tudo-no-seu-tempo-primeira-companhia","status":"publish","type":"post","link":"https:\/\/www.europesays.com\/pt\/231720\/","title":{"rendered":"Rita Almeida quebra sil\u00eancio ap\u00f3s morte de Maycon e rumores de separa\u00e7\u00e3o de Marcelo Palma: \u00abTudo no seu tempo&#8230;\u00bb &#8211; Primeira Companhia"},"content":{"rendered":"<p><strong>Rita Almeida<\/strong> tem estado afastada das redes sociais nos \u00faltimos tempos e, agora, regressou para falar sobre os dias \u00abduros e desafiantes\u00bb que tem enfrentado.\u00a0<\/p>\n<p>Ainda que de forma indireta, a ex-concorrente do<strong> Secret Story 9<\/strong><a href=\"https:\/\/tvi.iol.pt\/primeiracompanhia\/geral\/07-01-2026\/a-mensagem-emotiva-de-uma-ex-concorrente-deixada-a-maycon-nao-deixem-um-abraco-para-depois\" rel=\"nofollow noopener\" target=\"_blank\"> fala sobre a morte de <strong>Maycon Douglas,<\/strong><\/a> de quem era muito amiga.\u00a0\u00a0\u00ab<strong>Sei que tenho estado muito ausente nos \u00faltimos meses<\/strong>. Os \u00faltimos dias foram os mais duros e desafiantes, mas tamb\u00e9m me mostraram que \u00e9 tempo de voltar a mim, cuidar de mim. Passo a passo\u00bb, come\u00e7ou por escrever Rita, que tamb\u00e9m tem estado mais discreta no que \u00e0 sua rela\u00e7\u00e3o com<strong> <a href=\"https:\/\/tvi.iol.pt\/primeiracompanhia\/maycon-douglas\/marcelo-palma\/marcelo-palma-protegeu-a-mae-de-maycon-durante-o-funeral-com-um-pequeno-gesto-que-nao-passou-despercebido\" rel=\"nofollow noopener\" target=\"_blank\">Marcelo Palma <\/a><\/strong>diz respeito.<\/p>\n<p>O casal n\u00e3o faz partilhas junto h\u00e1 algum tempo e isso levou a que surgissem rumores sobre uma poss\u00edvel separa\u00e7\u00e3o. No entanto,<strong> <a href=\"https:\/\/tvi.iol.pt\/primeiracompanhia\/marcelo-palma\/rita-almeida\/marcelo-e-rita-ainda-estao-juntos-eis-o-detalhe-revelador-que-nao-passou-despercebido\" rel=\"nofollow noopener\" target=\"_blank\">Marcelo Palma e Rita Almeida<\/a><\/strong><a href=\"https:\/\/tvi.iol.pt\/primeiracompanhia\/marcelo-palma\/rita-almeida\/marcelo-e-rita-ainda-estao-juntos-eis-o-detalhe-revelador-que-nao-passou-despercebido\" rel=\"nofollow noopener\" target=\"_blank\"> chegaram juntos ao funeral de Maycon,<\/a> que aconteceu no passado domingo, dia 11 de janeiro.\u00a0<\/p>\n<p>Rita Almeida acrescentou ainda: \u00ab<strong>Vou voltar a treinar, vou voltar aos trabalhos aqui no digital que estavam adiados<\/strong>. Pe\u00e7o desculpa por ter estado tamb\u00e9m ausente da loja, mas para a semana espero voltar com novidades e uma nova imagem. <strong>Tudo no seu tempo. <\/strong>Acima de tudo, cuidem de voc\u00eas e de quem cuida de voc\u00eas.\u00bb<\/p>\n<p><strong>Pode ver tudo aqui:\u00a0<\/strong><\/p>\n<p style=\"text-align:center\"><img loading=\"lazy\" decoding=\"async\" alt=\"\" height=\"711\" src=\"https:\/\/www.europesays.com\/pt\/wp-content\/uploads\/2026\/01\/696a1ce5d34e0ec52ec23e26.webp\" width=\"400\"\/><\/p>\n<p>\u00a0<\/p>\n","protected":false},"excerpt":{"rendered":"Rita Almeida tem estado afastada das redes sociais nos \u00faltimos tempos e, agora, regressou para falar sobre os&hellip;\n","protected":false},"author":2,"featured_media":231721,"comment_status":"","ping_status":"","sticky":false,"template":"","format":"standard","meta":{"footnotes":""},"categories":[145],"tags":[41536,211,210,114,115,18705,8366,10223,32,33,12639,41535],"class_list":{"0":"post-231720","1":"post","2":"type-post","3":"status-publish","4":"format-standard","5":"has-post-thumbnail","7":"category-celebridades","8":"tag-bastidores-da-recruta","9":"tag-celebridades","10":"tag-celebrities","11":"tag-entertainment","12":"tag-entretenimento","13":"tag-entrevistas-concorrentes-tvi","14":"tag-marcelo-palma","15":"tag-maycon-douglas","16":"tag-portugal","17":"tag-pt","18":"tag-rita-almeida","19":"tag-vida-fora-da-base"},"share_on_mastodon":{"url":"https:\/\/pubeurope.com\/@pt\/115905925129400340","error":""},"_links":{"self":[{"href":"https:\/\/www.europesays.com\/pt\/wp-json\/wp\/v2\/posts\/231720","targetHints":{"allow":["GET"]}}],"collection":[{"href":"https:\/\/www.europesays.com\/pt\/wp-json\/wp\/v2\/posts"}],"about":[{"href":"https:\/\/www.europesays.com\/pt\/wp-json\/wp\/v2\/types\/post"}],"author":[{"embeddable":true,"href":"https:\/\/www.europesays.com\/pt\/wp-json\/wp\/v2\/users\/2"}],"replies":[{"embeddable":true,"href":"https:\/\/www.europesays.com\/pt\/wp-json\/wp\/v2\/comments?post=231720"}],"version-history":[{"count":0,"href":"https:\/\/www.europesays.com\/pt\/wp-json\/wp\/v2\/posts\/231720\/revisions"}],"wp:featuredmedia":[{"embeddable":true,"href":"https:\/\/www.europesays.com\/pt\/wp-json\/wp\/v2\/media\/231721"}],"wp:attachment":[{"href":"https:\/\/www.europesays.com\/pt\/wp-json\/wp\/v2\/media?parent=231720"}],"wp:term":[{"taxonomy":"category","embeddable":true,"href":"https:\/\/www.europesays.com\/pt\/wp-json\/wp\/v2\/categories?post=231720"},{"taxonomy":"post_tag","embeddable":true,"href":"https:\/\/www.europesays.com\/pt\/wp-json\/wp\/v2\/tags?post=231720"}],"curies":[{"name":"wp","href":"https:\/\/api.w.org\/{rel}","templated":true}]}}