{"id":231734,"date":"2026-01-16T17:33:19","date_gmt":"2026-01-16T17:33:19","guid":{"rendered":"https:\/\/www.europesays.com\/pt\/231734\/"},"modified":"2026-01-16T17:33:19","modified_gmt":"2026-01-16T17:33:19","slug":"acesso-ao-portal-da-seguranca-social-vai-mudar-saiba-o-que-tem-de-fazer","status":"publish","type":"post","link":"https:\/\/www.europesays.com\/pt\/231734\/","title":{"rendered":"Acesso ao Portal da Seguran\u00e7a Social vai mudar. Saiba o que tem de fazer"},"content":{"rendered":"<p>\u00c9 um facto, teremos o Portal da Seguran\u00e7a Social com autentica\u00e7\u00e3o dois fatores obrigat\u00f3ria muito em breve. Esta \u00e9 uma mudan\u00e7a que j\u00e1 se antecipava h\u00e1 alguns meses e agora adquire carater premente: o acesso vai exigir autentica\u00e7\u00e3o de dois fatores (ou 2FA do ingl\u00eas Two Factor Authentication).<\/p>\n<p>O objetivo \u00e9 claramente o de refor\u00e7ar a seguran\u00e7a das contas, diminuindo o risco de os dados serem alvo de ciberataque, preservando com maior efic\u00e1cia as contas pessoais de cada contribuinte.<\/p>\n<p>Algo de muito semelhante suceder\u00e1 em breve no Portal das Finan\u00e7as, mas isso ser\u00e1 tema para outro artigo.<\/p>\n<p>\u00a0<\/p>\n<p>Portal da Seguran\u00e7a Social com Autentica\u00e7\u00e3o Dois Fatores \u2013 o que \u00e9?<\/p>\n<p>Na pr\u00e1tica, como o pr\u00f3prio nome indica, para entrar na conta da Seguran\u00e7a Social, ser\u00e1 necess\u00e1rio fazer mais um passo do que o habitual at\u00e9 aqui.<\/p>\n<p>Al\u00e9m de colocar a palavra passa (1\u00ba fator) ser\u00e1 necess\u00e1rio ainda inserir um c\u00f3digo tempor\u00e1rio, enviado para o <strong>telem\u00f3vel<\/strong> ou para o <strong>email<\/strong> do contribuinte, que s\u00f3 servir\u00e1 durante uns minutos para completar a autentica\u00e7\u00e3o (2\u00ba fator). Este n\u00famero de telem\u00f3vel e\/ou email ter\u00e3o assim de fazer parte da informa\u00e7\u00e3o de contacto oficial do contribuinte junto da Seguran\u00e7a Social<\/p>\n<p>Isto exigir\u00e1 que todos os contribuintes tenham telem\u00f3vel ou email e que este esteja indicado de forma segura \u00e0 Seguran\u00e7a Social, associado \u00e0 conta do contribuinte.<\/p>\n<p>Note-se que quem entrar na <a href=\"https:\/\/www.seg-social.pt\/sso\/login?service=https%3A%2F%2Fwww.seg-social.pt%2Fptss%2Fcaslogin\" target=\"_blank\" rel=\"noopener nofollow\"><strong>Seguran\u00e7a Social Direta<\/strong><\/a> usando a Chave M\u00f3vel Digital, n\u00e3o ter\u00e1 de recorrer ao 2FA porque, na realidade, a Chave M\u00f3vel Digital j\u00e1 tem ela pr\u00f3pria embutido o seu pr\u00f3prio procedimento de registo usando dois fatores.<\/p>\n<p>A ativa\u00e7\u00e3o do 2FA ir\u00e1, muito em breve, passar a ser obrigat\u00f3ria pelo que a Seguran\u00e7a Social est\u00e1 desde j\u00e1 a <a href=\"https:\/\/www.seg-social.pt\/ptss\/pssd\/noticias\/autenticacao-dois-fatores\" target=\"_blank\" rel=\"noopener nofollow\"><strong>convidar os contribuintes a aderir e a validarem os contactos necess\u00e1rios<\/strong><\/a>. Nas palavras da Seguran\u00e7a Social a ades\u00e3o dever ocorrer o quanto antes:<\/p>\n<blockquote>\n<p>\u201cPara que a transi\u00e7\u00e3o seja suave e para evitar a interrup\u00e7\u00e3o do seu acesso ao Portal quando a obrigatoriedade entrar em vigor, a Seguran\u00e7a Social incentiva\u00a0<strong>todos os utilizadores a ativarem j\u00e1 a 2FA.<\/strong><\/p>\n<p>A ativa\u00e7\u00e3o pr\u00e9via permite que valide e confirme os seus contactos de seguran\u00e7a (e-mail e telem\u00f3vel) atempadamente, garantindo que est\u00e3o corretos e atualizados.\u201d<\/p>\n<\/blockquote>\n<p>Como fazer para aderir?<\/p>\n<p>Deve seguir tr\u00eas passos fundamentais:<\/p>\n<ol class=\"ordered-list\">\n<li>Aceda ao Portal da Seguran\u00e7a Social e autentique-se com o seu N\u00famero de Identifica\u00e7\u00e3o da Seguran\u00e7a Social ou NISS e a sua palavra-chave;<\/li>\n<li>Depois, siga as instru\u00e7\u00f5es para ativar a 2FA<\/li>\n<li>Finalmente, confirme os seus contactos atuais (e-mail e telem\u00f3vel). \u00c9 fundamental que os mantenha atualizados. Se n\u00e3o est\u00e3o, corrija.<\/li>\n<\/ol>\n","protected":false},"excerpt":{"rendered":"\u00c9 um facto, teremos o Portal da Seguran\u00e7a Social com autentica\u00e7\u00e3o dois fatores obrigat\u00f3ria muito em breve. Esta&hellip;\n","protected":false},"author":2,"featured_media":231735,"comment_status":"","ping_status":"","sticky":false,"template":"","format":"standard","meta":{"footnotes":""},"categories":[8],"tags":[44319,27,28,15,16,14,25,26,21,22,12,13,19,20,44320,32,23,24,33,44321,17,18,29,30,31],"class_list":{"0":"post-231734","1":"post","2":"type-post","3":"status-publish","4":"format-standard","5":"has-post-thumbnail","7":"category-principais-noticias","8":"tag-autenticacao-dois-fatores","9":"tag-breaking-news","10":"tag-breakingnews","11":"tag-featured-news","12":"tag-featurednews","13":"tag-headlines","14":"tag-latest-news","15":"tag-latestnews","16":"tag-main-news","17":"tag-mainnews","18":"tag-news","19":"tag-noticias","20":"tag-noticias-principais","21":"tag-noticiasprincipais","22":"tag-portal-da-seguranca-social","23":"tag-portugal","24":"tag-principais-noticias","25":"tag-principaisnoticias","26":"tag-pt","27":"tag-seguranca-social-direta","28":"tag-top-stories","29":"tag-topstories","30":"tag-ultimas","31":"tag-ultimas-noticias","32":"tag-ultimasnoticias"},"share_on_mastodon":{"url":"https:\/\/pubeurope.com\/@pt\/115905980230476042","error":""},"_links":{"self":[{"href":"https:\/\/www.europesays.com\/pt\/wp-json\/wp\/v2\/posts\/231734","targetHints":{"allow":["GET"]}}],"collection":[{"href":"https:\/\/www.europesays.com\/pt\/wp-json\/wp\/v2\/posts"}],"about":[{"href":"https:\/\/www.europesays.com\/pt\/wp-json\/wp\/v2\/types\/post"}],"author":[{"embeddable":true,"href":"https:\/\/www.europesays.com\/pt\/wp-json\/wp\/v2\/users\/2"}],"replies":[{"embeddable":true,"href":"https:\/\/www.europesays.com\/pt\/wp-json\/wp\/v2\/comments?post=231734"}],"version-history":[{"count":0,"href":"https:\/\/www.europesays.com\/pt\/wp-json\/wp\/v2\/posts\/231734\/revisions"}],"wp:featuredmedia":[{"embeddable":true,"href":"https:\/\/www.europesays.com\/pt\/wp-json\/wp\/v2\/media\/231735"}],"wp:attachment":[{"href":"https:\/\/www.europesays.com\/pt\/wp-json\/wp\/v2\/media?parent=231734"}],"wp:term":[{"taxonomy":"category","embeddable":true,"href":"https:\/\/www.europesays.com\/pt\/wp-json\/wp\/v2\/categories?post=231734"},{"taxonomy":"post_tag","embeddable":true,"href":"https:\/\/www.europesays.com\/pt\/wp-json\/wp\/v2\/tags?post=231734"}],"curies":[{"name":"wp","href":"https:\/\/api.w.org\/{rel}","templated":true}]}}