{"id":231736,"date":"2026-01-16T17:34:10","date_gmt":"2026-01-16T17:34:10","guid":{"rendered":"https:\/\/www.europesays.com\/pt\/231736\/"},"modified":"2026-01-16T17:34:10","modified_gmt":"2026-01-16T17:34:10","slug":"ashton-kutcher-faz-raro-comentario-sobre-ex-esposa-demi-moore-r7-entretenimento","status":"publish","type":"post","link":"https:\/\/www.europesays.com\/pt\/231736\/","title":{"rendered":"Ashton Kutcher faz raro coment\u00e1rio sobre ex-esposa, Demi Moore \u2013 R7 Entretenimento"},"content":{"rendered":"<p><img decoding=\"async\" data-chromatic=\"ignore\" alt=\"\" class=\"c-image\" loading=\"lazy\" src=\"https:\/\/www.europesays.com\/pt\/wp-content\/uploads\/2026\/01\/ZEIHE2TDVJGETAOE5TH3SUA4MM.jpeg\"  width=\"1000\" height=\"650\"\/>Ashton Kutcher e Demi Moore \u00a9 AVALON <\/p>\n<p class=\"jarvics:base-text-neutral-high-400 base-text-[calc(theme(fontSize.xs)_*_var(--font-size,_1))] base-font-normal base-font-primary base-text-neutral-low-500 base-text-left\">\n<p>O ator Ashton Kutcher, 47, surpreendeu ao falar sobre sua ex-esposa, Demi Moore, 63. Os dois foram casados entre 2005 e 2013 e se separaram ap\u00f3s alega\u00e7\u00f5es de que o astro teria sido infiel.\n<\/p>\n<\/p>\n<p class=\"jarvics:base-text-neutral-high-400 base-text-[calc(theme(fontSize.xs)_*_var(--font-size,_1))] base-font-normal base-font-primary base-text-neutral-low-500 base-text-left\">\n<p>Ashton elogiou o desempenho de Demi no filme \u201cA Subst\u00e2ncia\u201d (2024). A estrela foi indicada ao Oscar 2025 por sua interpreta\u00e7\u00e3o da atriz Elisabeth Sparkle, que recorre a um medicamento ilegal para se tornar uma vers\u00e3o mais jovem e sexy de si mesma.\n<\/p>\n<\/p>\n<p class=\"jarvics:base-text-neutral-high-400 base-text-[calc(theme(fontSize.xs)_*_var(--font-size,_1))] base-font-normal base-font-primary base-text-neutral-low-500 base-text-left\">\n<p>Enquanto promovia sua nova s\u00e9rie \u201cThe Beauty\u201d, o ator disse ao Entertainment Tonight: \u201cDemi recebeu elogios extraordin\u00e1rios por sua atua\u00e7\u00e3o em \u2018A Subst\u00e2ncia\u2019. Estou muito orgulhoso dela. Ela se saiu muito bem.\u201d\n<\/p>\n<\/p>\n<p class=\"jarvics:base-text-neutral-high-400 base-text-[calc(theme(fontSize.xs)_*_var(--font-size,_1))] base-font-normal base-font-primary base-text-neutral-low-500 base-text-left\">\n<p>Os dois se conheceram em 2003, durante um jantar casual com amigos e come\u00e7aram a namorar pouco depois.\n<\/p>\n<\/p>\n<p class=\"jarvics:base-text-neutral-high-400 base-text-[calc(theme(fontSize.xs)_*_var(--font-size,_1))] base-font-normal base-font-primary base-text-neutral-low-500 base-text-left\">\n<p>Em setembro de 2005, se casaram em uma cerim\u00f4nia discreta em Beverly Hills, na Calif\u00f3rnia. O relacionamento durou at\u00e9 novembro de 2011, com o div\u00f3rcio sendo finalizado dois anos depois.\n<\/p>\n<\/p>\n<p class=\"jarvics:base-text-neutral-high-400 base-text-[calc(theme(fontSize.xs)_*_var(--font-size,_1))] base-font-normal base-font-primary base-text-neutral-low-500 base-text-left\">\n<p>Ashton atualmente \u00e9 casado com a atriz Mila Kunis, 42, com quem tem os filhos Wyatt, 10, e Dimitri, 8.<\/p><\/p>\n","protected":false},"excerpt":{"rendered":"Ashton Kutcher e Demi Moore \u00a9 AVALON O ator Ashton Kutcher, 47, surpreendeu ao falar sobre sua ex-esposa,&hellip;\n","protected":false},"author":2,"featured_media":231737,"comment_status":"","ping_status":"","sticky":false,"template":"","format":"standard","meta":{"footnotes":""},"categories":[145],"tags":[211,210,114,115,32,33],"class_list":{"0":"post-231736","1":"post","2":"type-post","3":"status-publish","4":"format-standard","5":"has-post-thumbnail","7":"category-celebridades","8":"tag-celebridades","9":"tag-celebrities","10":"tag-entertainment","11":"tag-entretenimento","12":"tag-portugal","13":"tag-pt"},"share_on_mastodon":{"url":"https:\/\/pubeurope.com\/@pt\/115905984131892629","error":""},"_links":{"self":[{"href":"https:\/\/www.europesays.com\/pt\/wp-json\/wp\/v2\/posts\/231736","targetHints":{"allow":["GET"]}}],"collection":[{"href":"https:\/\/www.europesays.com\/pt\/wp-json\/wp\/v2\/posts"}],"about":[{"href":"https:\/\/www.europesays.com\/pt\/wp-json\/wp\/v2\/types\/post"}],"author":[{"embeddable":true,"href":"https:\/\/www.europesays.com\/pt\/wp-json\/wp\/v2\/users\/2"}],"replies":[{"embeddable":true,"href":"https:\/\/www.europesays.com\/pt\/wp-json\/wp\/v2\/comments?post=231736"}],"version-history":[{"count":0,"href":"https:\/\/www.europesays.com\/pt\/wp-json\/wp\/v2\/posts\/231736\/revisions"}],"wp:featuredmedia":[{"embeddable":true,"href":"https:\/\/www.europesays.com\/pt\/wp-json\/wp\/v2\/media\/231737"}],"wp:attachment":[{"href":"https:\/\/www.europesays.com\/pt\/wp-json\/wp\/v2\/media?parent=231736"}],"wp:term":[{"taxonomy":"category","embeddable":true,"href":"https:\/\/www.europesays.com\/pt\/wp-json\/wp\/v2\/categories?post=231736"},{"taxonomy":"post_tag","embeddable":true,"href":"https:\/\/www.europesays.com\/pt\/wp-json\/wp\/v2\/tags?post=231736"}],"curies":[{"name":"wp","href":"https:\/\/api.w.org\/{rel}","templated":true}]}}