{"id":231738,"date":"2026-01-16T17:37:15","date_gmt":"2026-01-16T17:37:15","guid":{"rendered":"https:\/\/www.europesays.com\/pt\/231738\/"},"modified":"2026-01-16T17:37:15","modified_gmt":"2026-01-16T17:37:15","slug":"alvorada-tensa-noelia-em-andrea-soares-entram-em-confronto-logo-pela-manha-tvi-player","status":"publish","type":"post","link":"https:\/\/www.europesays.com\/pt\/231738\/","title":{"rendered":"Alvorada tensa! No\u00e9lia em Andrea Soares entram em confronto logo pela manh\u00e3 &#8211; TVI Player"},"content":{"rendered":"<ol>\n<li><a href=\"https:\/\/news.google.com\/rss\/articles\/CBMiowFBVV95cUxORWpvSlhZdW02QmtsY3VHcWRNV2tydmg1Q2VqalJVaGxObDN4a21KNFc4S01LQTlISFk2b2F2YUY0WnRobWx1SmUyQldCNTEwQU5VNGFEejVobmdPU25WZWEzTlBkUEhyN3lmN0NQeVd0c3dCYUFaWnY1SXJydHgySXZzel9zckpSNGo4WlNacC0xeEdnX1d6Rk56NlRDWmR3dlZz?oc=5\" target=\"_blank\" rel=\"nofollow noopener\">Alvorada tensa! No\u00e9lia em Andrea Soares entram em confronto logo pela manh\u00e3<\/a>&nbsp;&nbsp;TVI Player<\/li>\n<li><a href=\"https:\/\/news.google.com\/rss\/articles\/CBMivgFBVV95cUxNMHFfSFBOVzdVRHAzNDRUSTlTMnNfaUEtV0lrbjZic2dnbWpZNXE0UU1tNjZLWHVxRjY4WlJndTFoaDRYZUJpTlVHVHYwZlpYU29SOHR1MHhtLVpXa3RneEpzNVF6bDJVNUZGOTlOd0dGUExSMG9zQ1E0U0c1NEtROHdNOEFlSTRjNF9Fa2lVYURRYkR0UnJVa2RCanRXcEdaNlUxYVJRVENOOU9jN1lsVGc3dF9yZDgxYm40V1Fn?oc=5\" target=\"_blank\" rel=\"nofollow noopener\">Equipa de Sara Santos reage ap\u00f3s amea\u00e7a de desist\u00eancia: &#8220;Ela \u00e9 forte, forte o suficiente para aguentar&#8230;&#8221;<\/a>&nbsp;&nbsp;Hiper Fm<\/li>\n<li><a href=\"https:\/\/news.google.com\/rss\/articles\/CBMisgFBVV95cUxQMm1SNnlac0w5QXMyR1RxSFNaT2lnbTJKZ1RvdnNaUnp0WXp6XzdlWmpkQnhEbzM5ZlQzRkhuVVRybWlvZTNxVjRuVzJnQ3pydWtzQkV5VWVmWm1JQ1llbUNoUlBIR0pyVDZkQk1RYkpIU0ZWLWtSYUNpQkR3aHVOaEpBVFVJX2sya1R2SHlmNkVPSzRQX2V2UzlkekVndnBrNDUyeS1Pc3k4MmdDMXdZOXVB?oc=5\" target=\"_blank\" rel=\"nofollow noopener\">1\u00aa Companhia &#8211; Desist\u00eancia \u00e0 vista? Em l\u00e1grimas, recruta &#8216;amea\u00e7a&#8217; sair do programa: Eis o motivo<\/a>&nbsp;&nbsp;tv7dias.pt<\/li>\n<li><a href=\"https:\/\/news.google.com\/rss\/articles\/CBMirAFBVV95cUxNeWpQd2NURTRmY01MdGZYZjJaWEs4emJBN3RqSk5IT1duVTdCSnR3ZzUtYTRkTzRNM3ZBLWRrb1pwTTRQNU0yLTZmOVM2TWxuYV9qTWRBekRDNXBwSnVpeno2WUlTOVBDdDhhV0p0RHBGNDdBSGUxQ1NZUlVFb3hMUFJOS1ZGY1pkbXJGTjVNRk9xZUt0R2ZBWHpYUlFxcjZ6X0FmZ3BzU2FkSlRu?oc=5\" target=\"_blank\" rel=\"nofollow noopener\">Sara Santos pondera desistir da \u201c1\u00aa Companhia\u201d ap\u00f3s momento de grande desgaste<\/a>&nbsp;&nbsp;A Televis\u00e3o<\/li>\n<li><a href=\"https:\/\/news.google.com\/rss\/articles\/CBMiqAFBVV95cUxQRkNQVlVmcWdjV2lsbzRWT0wxWlhhU3Vla2NxeF9ZaHRCX3NwcGFpR1VwMVlMcV9ETVh0VDdjMGo4dmR0UDRzeDNpTmcta0V2TnlvbF9sV3lobF8zdTVfbGtnVlB2TFQ2ZjZncUVlbHJzUDFiSkNkX3FHWDMtMFRGMkZoSjdKV3Z2dWtkd19nZkZrM2NRZFlVWmtMdGlrV2FCYUxNVEVSQXfSAagBQVVfeXFMUEZDUFZVZnFnY1dpbG80Vk9MMVpYYVN1ZWtjcXhfWWh0Ql9zcHBhaUdVcDFZTHFfRE1YdFQ3YzBqOHZkdFA0c3gzaU5nLWtFdk55b2xfbFd5aGxfM3U1X2xrZ1ZQdkxUNmY2Z3FFZWxyc1AxYkpDZF9xR1gzLTBURjJGaEo3Sld2dnVrZHdfZ2ZGazNjUWRZVVprTHRpa1dhQmFMTVRFUkF3?oc=5\" target=\"_blank\" rel=\"nofollow noopener\">Equipa de Sara Santos reage ao momento de fragilidade na 1.\u00aa Companhia: \u201cA Sara \u00e9 forte\u201d<\/a>&nbsp;&nbsp;infocul.pt<\/li>\n<\/ol>\n","protected":false},"excerpt":{"rendered":"Alvorada tensa! No\u00e9lia em Andrea Soares entram em confronto logo pela manh\u00e3&nbsp;&nbsp;TVI Player Equipa de Sara Santos reage&hellip;\n","protected":false},"author":2,"featured_media":231739,"comment_status":"","ping_status":"","sticky":false,"template":"","format":"standard","meta":{"footnotes":""},"categories":[142],"tags":[41411,114,115,34992,32,33,151],"class_list":{"0":"post-231738","1":"post","2":"type-post","3":"status-publish","4":"format-standard","5":"has-post-thumbnail","7":"category-tv","8":"tag-andrea-soares","9":"tag-entertainment","10":"tag-entretenimento","11":"tag-noelia","12":"tag-portugal","13":"tag-pt","14":"tag-tv"},"share_on_mastodon":{"url":"https:\/\/pubeurope.com\/@pt\/115905996223500344","error":""},"_links":{"self":[{"href":"https:\/\/www.europesays.com\/pt\/wp-json\/wp\/v2\/posts\/231738","targetHints":{"allow":["GET"]}}],"collection":[{"href":"https:\/\/www.europesays.com\/pt\/wp-json\/wp\/v2\/posts"}],"about":[{"href":"https:\/\/www.europesays.com\/pt\/wp-json\/wp\/v2\/types\/post"}],"author":[{"embeddable":true,"href":"https:\/\/www.europesays.com\/pt\/wp-json\/wp\/v2\/users\/2"}],"replies":[{"embeddable":true,"href":"https:\/\/www.europesays.com\/pt\/wp-json\/wp\/v2\/comments?post=231738"}],"version-history":[{"count":0,"href":"https:\/\/www.europesays.com\/pt\/wp-json\/wp\/v2\/posts\/231738\/revisions"}],"wp:featuredmedia":[{"embeddable":true,"href":"https:\/\/www.europesays.com\/pt\/wp-json\/wp\/v2\/media\/231739"}],"wp:attachment":[{"href":"https:\/\/www.europesays.com\/pt\/wp-json\/wp\/v2\/media?parent=231738"}],"wp:term":[{"taxonomy":"category","embeddable":true,"href":"https:\/\/www.europesays.com\/pt\/wp-json\/wp\/v2\/categories?post=231738"},{"taxonomy":"post_tag","embeddable":true,"href":"https:\/\/www.europesays.com\/pt\/wp-json\/wp\/v2\/tags?post=231738"}],"curies":[{"name":"wp","href":"https:\/\/api.w.org\/{rel}","templated":true}]}}