{"id":231742,"date":"2026-01-16T17:39:08","date_gmt":"2026-01-16T17:39:08","guid":{"rendered":"https:\/\/www.europesays.com\/pt\/231742\/"},"modified":"2026-01-16T17:39:08","modified_gmt":"2026-01-16T17:39:08","slug":"yellow-cake-filme-sci-fi-com-tania-maria-ganha-poster","status":"publish","type":"post","link":"https:\/\/www.europesays.com\/pt\/231742\/","title":{"rendered":"Yellow Cake | Filme sci-fi com T\u00e2nia Maria ganha p\u00f4ster"},"content":{"rendered":"<p><strong>Yellow Cake<\/strong>,\u00a0novo filme estrelado por\u00a0<strong>Rejane Faria<\/strong> e <strong>T\u00e2nia Maria<\/strong>, de\u00a0O Agente Secreto, acaba de ganhar seu primeiro p\u00f4ster. Veja a seguir.<\/p>\n<p>            Continua depois da Publicidade<\/p>\n<p>A obra \u00e9 o \u00fanico filme brasileiro na Tiger Competition do Festival de Roterd\u00e3 deste ano. Yellow Cake \u00e9 dirigido por <strong>Tiago Melo<\/strong>. O roteiro \u00e9 assinado por <strong>Celina Ximenes <\/strong>e <strong>Larissa Estevam<\/strong>. O elenco \u00e9 liderado por por Rejane Faria (Marte Um), T\u00e2nia Maria e <strong>Valmir do C\u00f4co<\/strong>.<strong> <\/strong>Veja a sinopse oficial:<\/p>\n<p>&#8220;Num futuro pr\u00f3ximo, com o Brasil tomado pelas doen\u00e7as transmitidas pelo Aedes Aegypti, a cidade de Picu\u00ed, sert\u00e3o da Para\u00edba, recebe um grupo de cientistas estrangeiros para uma experi\u00eancia que erradicaria o mosquito. Quando o teste fracassa, coisas estranhas come\u00e7am a acontecer, e resta a uma pesquisadora brasileira tomar as r\u00e9deas da situa\u00e7\u00e3o para impedir que o desastre tome propor\u00e7\u00f5es catastr\u00f3ficas.&#8221;<\/p>\n<p>O longa ter\u00e1 sua estreia mundial no evento no dia 2 de fevereiro, levando para o festival uma fic\u00e7\u00e3o cient\u00edfica brasileira, que mistura a cultura e os saberes populares do pa\u00eds \u00e0 narrativas caracter\u00edsticas do g\u00eanero.<\/p>\n<p>Yellow Cake\u00a0ainda n\u00e3o tem data para chegar aos cinemas do Brasil.<\/p>\n<p>            Continua depois da Publicidade<\/p>\n","protected":false},"excerpt":{"rendered":"Yellow Cake,\u00a0novo filme estrelado por\u00a0Rejane Faria e T\u00e2nia Maria, de\u00a0O Agente Secreto, acaba de ganhar seu primeiro p\u00f4ster.&hellip;\n","protected":false},"author":2,"featured_media":231743,"comment_status":"","ping_status":"","sticky":false,"template":"","format":"standard","meta":{"footnotes":""},"categories":[140],"tags":[114,115,147,148,146,32,33],"class_list":{"0":"post-231742","1":"post","2":"type-post","3":"status-publish","4":"format-standard","5":"has-post-thumbnail","7":"category-filmes","8":"tag-entertainment","9":"tag-entretenimento","10":"tag-film","11":"tag-filmes","12":"tag-movies","13":"tag-portugal","14":"tag-pt"},"share_on_mastodon":{"url":"https:\/\/pubeurope.com\/@pt\/115906003784349663","error":""},"_links":{"self":[{"href":"https:\/\/www.europesays.com\/pt\/wp-json\/wp\/v2\/posts\/231742","targetHints":{"allow":["GET"]}}],"collection":[{"href":"https:\/\/www.europesays.com\/pt\/wp-json\/wp\/v2\/posts"}],"about":[{"href":"https:\/\/www.europesays.com\/pt\/wp-json\/wp\/v2\/types\/post"}],"author":[{"embeddable":true,"href":"https:\/\/www.europesays.com\/pt\/wp-json\/wp\/v2\/users\/2"}],"replies":[{"embeddable":true,"href":"https:\/\/www.europesays.com\/pt\/wp-json\/wp\/v2\/comments?post=231742"}],"version-history":[{"count":0,"href":"https:\/\/www.europesays.com\/pt\/wp-json\/wp\/v2\/posts\/231742\/revisions"}],"wp:featuredmedia":[{"embeddable":true,"href":"https:\/\/www.europesays.com\/pt\/wp-json\/wp\/v2\/media\/231743"}],"wp:attachment":[{"href":"https:\/\/www.europesays.com\/pt\/wp-json\/wp\/v2\/media?parent=231742"}],"wp:term":[{"taxonomy":"category","embeddable":true,"href":"https:\/\/www.europesays.com\/pt\/wp-json\/wp\/v2\/categories?post=231742"},{"taxonomy":"post_tag","embeddable":true,"href":"https:\/\/www.europesays.com\/pt\/wp-json\/wp\/v2\/tags?post=231742"}],"curies":[{"name":"wp","href":"https:\/\/api.w.org\/{rel}","templated":true}]}}