{"id":231754,"date":"2026-01-16T17:49:07","date_gmt":"2026-01-16T17:49:07","guid":{"rendered":"https:\/\/www.europesays.com\/pt\/231754\/"},"modified":"2026-01-16T17:49:07","modified_gmt":"2026-01-16T17:49:07","slug":"o-sonho-de-muitos-bruno-de-carvalho-faz-confidencia-planeio-visitar-todas-ate-2030","status":"publish","type":"post","link":"https:\/\/www.europesays.com\/pt\/231754\/","title":{"rendered":"O sonho de muitos! Bruno de Carvalho faz confid\u00eancia: &#8220;Planeio visitar todas at\u00e9 2030&#8221;"},"content":{"rendered":"<p><a href=\"https:\/\/selfie.iol.pt\/famosos\/bruno-de-carvalho\/bruno-de-carvalho-prepara-se-para-embarcar-em-viagem-especial-muito-bem-acompanhado\/20260116\/696a1ddbd34e0ec52ec23e49\" target=\"_blank\" rel=\"nofollow noopener\">Bruno de Carvalho embarca esta sexta-feira, dia 16, para a Jord\u00e2nia<\/a>, onde vai visitar Am\u00e3 e Petra na companhia do amigo S\u00e9rgio Tavares. Esta viagem tem um significado especial, uma vez que Petra \u00e9 uma das sete maravilhas do mundo moderno e o DJ tem a ambi\u00e7\u00e3o de as conhecer a todas, como confidenciou em exclusivo \u00e0 SELFIE.<\/p>\n<p>No que diz respeito \u00e0s sete maravilhas do mundo modernas, o ex-concorrente do &#8220;Big Brother Famosos&#8221;, da TVI, j\u00e1 visitou tr\u00eas: Machu Picchu (Peru), Chich\u00e9n Itz\u00e1 (M\u00e9xico) e o Coliseu de Roma (It\u00e1lia). Com esta nova etapa, ficar\u00e3o a faltar apenas tr\u00eas: a Grande Muralha da China, o Cristo Redentor (Brasil) e o Taj Mahal (\u00cdndia).<\/p>\n<p>&#8220;Planeio visitar todas at\u00e9 2030. Ou seja, quero programar as restantes viagens para 2027, 2028 e 2029&#8221;, disse-nos o antigo presidente do Sporting.<\/p>\n<p>Al\u00e9m da Jord\u00e2nia, Bruno de Carvalho ir\u00e1 ainda ao Egito no decorrer deste ano para conhecer a Grande Pir\u00e2mide de Giz\u00e9 \u2014 a \u00fanica das sete maravilhas do mundo antigo que ainda resiste ao tempo.<\/p>\n<p>&#8220;Ao Egito, irei com a minha m\u00e3e e com a minha filha mais velha. Foi um pedido das duas ao qual acedi e ser\u00e1 uma oferta que lhes fa\u00e7o de cora\u00e7\u00e3o e com muito amor. Vamos \u00e0s pir\u00e2mides e conhecer o Nilo&#8221;, contou-nos, ainda.<\/p>\n<p>Relativamente \u00e0s maravilhas do mundo cl\u00e1ssico, o DJ j\u00e1 conheceu o que resta de algumas: &#8220;J\u00e1 estive no Templo de \u00c1rtemis em \u00c9feso e j\u00e1 visitei as ru\u00ednas do Mausol\u00e9u de Halicarnasso, ambas na Turquia. As outras, que passo a enumerar, j\u00e1 n\u00e3o existem atualmente: os Jardins Suspensos da Babil\u00f3nia &#8211; h\u00e1 quem diga que se tratam, at\u00e9, de um mito -, a Est\u00e1tua de Zeus em Ol\u00edmpia, o Colosso de Rodes e o Farol de Alexandria, do qual restam apenas vest\u00edgios submersos&#8221;, rematou.<\/p>\n","protected":false},"excerpt":{"rendered":"Bruno de Carvalho embarca esta sexta-feira, dia 16, para a Jord\u00e2nia, onde vai visitar Am\u00e3 e Petra na&hellip;\n","protected":false},"author":2,"featured_media":128910,"comment_status":"","ping_status":"","sticky":false,"template":"","format":"standard","meta":{"footnotes":""},"categories":[145],"tags":[44327,341,211,210,20895,4515,114,115,741,4763,980,20898,619,38693,32,33,1014,1315,1012,162],"class_list":{"0":"post-231754","1":"post","2":"type-post","3":"status-publish","4":"format-standard","5":"has-post-thumbnail","7":"category-celebridades","8":"tag-7-maravilhas-do-mundo","9":"tag-bruno-de-carvalho","10":"tag-celebridades","11":"tag-celebrities","12":"tag-egipto","13":"tag-egito","14":"tag-entertainment","15":"tag-entretenimento","16":"tag-entrevista","17":"tag-exclusivo","18":"tag-famosos","19":"tag-jordania","20":"tag-nacional","21":"tag-piramides","22":"tag-portugal","23":"tag-pt","24":"tag-reality-show","25":"tag-secret-story","26":"tag-selfie","27":"tag-tvi"},"share_on_mastodon":{"url":"https:\/\/pubeurope.com\/@pt\/115906043087024254","error":""},"_links":{"self":[{"href":"https:\/\/www.europesays.com\/pt\/wp-json\/wp\/v2\/posts\/231754","targetHints":{"allow":["GET"]}}],"collection":[{"href":"https:\/\/www.europesays.com\/pt\/wp-json\/wp\/v2\/posts"}],"about":[{"href":"https:\/\/www.europesays.com\/pt\/wp-json\/wp\/v2\/types\/post"}],"author":[{"embeddable":true,"href":"https:\/\/www.europesays.com\/pt\/wp-json\/wp\/v2\/users\/2"}],"replies":[{"embeddable":true,"href":"https:\/\/www.europesays.com\/pt\/wp-json\/wp\/v2\/comments?post=231754"}],"version-history":[{"count":0,"href":"https:\/\/www.europesays.com\/pt\/wp-json\/wp\/v2\/posts\/231754\/revisions"}],"wp:featuredmedia":[{"embeddable":true,"href":"https:\/\/www.europesays.com\/pt\/wp-json\/wp\/v2\/media\/128910"}],"wp:attachment":[{"href":"https:\/\/www.europesays.com\/pt\/wp-json\/wp\/v2\/media?parent=231754"}],"wp:term":[{"taxonomy":"category","embeddable":true,"href":"https:\/\/www.europesays.com\/pt\/wp-json\/wp\/v2\/categories?post=231754"},{"taxonomy":"post_tag","embeddable":true,"href":"https:\/\/www.europesays.com\/pt\/wp-json\/wp\/v2\/tags?post=231754"}],"curies":[{"name":"wp","href":"https:\/\/api.w.org\/{rel}","templated":true}]}}