{"id":231756,"date":"2026-01-16T17:54:04","date_gmt":"2026-01-16T17:54:04","guid":{"rendered":"https:\/\/www.europesays.com\/pt\/231756\/"},"modified":"2026-01-16T17:54:04","modified_gmt":"2026-01-16T17:54:04","slug":"filme-live-action-de-the-legend-of-zelda-chegara-a-netflix-apos-estreia-nos-cinemas","status":"publish","type":"post","link":"https:\/\/www.europesays.com\/pt\/231756\/","title":{"rendered":"Filme live-action de The Legend of Zelda chegar\u00e1 \u00e0 Netflix ap\u00f3s estreia nos cinemas"},"content":{"rendered":"<p>A aguardada adapta\u00e7\u00e3o live-action de The Legend of Zelda j\u00e1 tem caminho definido at\u00e9 o streaming. A Netflix e a Sony Pictures Entertainment fecharam um novo acordo de licenciamento que garante a chegada dos principais filmes do est\u00fadio \u00e0 plataforma ap\u00f3s o per\u00edodo tradicional de exibi\u00e7\u00e3o nos cinemas e em m\u00eddia digital.<\/p>\n<p>Dentro desse pacote, o longa inspirado na cl\u00e1ssica franquia da Nintendo foi citado como um dos primeiros t\u00edtulos que far\u00e3o parte do cat\u00e1logo da Netflix no futuro. O acordo prev\u00ea distribui\u00e7\u00e3o global, mas de forma gradual. Os filmes come\u00e7ar\u00e3o a entrar no streaming a partir do fim deste ano, com a libera\u00e7\u00e3o completa em todos os territ\u00f3rios prevista apenas para o in\u00edcio de 2029.<\/p>\n<p><img fetchpriority=\"high\" decoding=\"async\" class=\"size-full wp-image-398798\" src=\"data:image\/svg+xml,%3Csvg%20xmlns=\" http:=\"\" alt=\"The Legend of Zelda\" width=\"2560\" height=\"1108\" title=\"Filme live-action de The Legend of Zelda chegar\u00e1 \u00e0 Netflix ap\u00f3s estreia nos cinemas 1\" data-lazy- data-lazy- data-lazy-src=\"https:\/\/www.europesays.com\/pt\/wp-content\/uploads\/2026\/01\/The-Legend-of-Zelda2-scaled.jpg\"\/>The Legend of Zelda<\/p>\n<p>Al\u00e9m de The Legend of Zelda, o contrato tamb\u00e9m inclui produ\u00e7\u00f5es de peso como Spider-Man: Beyond the Spider-Verse, The Nightingale, Buds e o ambicioso projeto de Sam Mendes que contar\u00e1 a hist\u00f3ria dos Beatles em quatro filmes distintos.<\/p>\n<p>Antes de chegar ao streaming, o filme de Zelda ter\u00e1 uma passagem exclusiva pelos cinemas. A estreia est\u00e1 marcada para 7 de maio de 2027, ap\u00f3s um adiamento em rela\u00e7\u00e3o \u00e0 data originalmente planejada, que era o fim de mar\u00e7o do mesmo ano.<\/p>\n<p>Fonte: <a href=\"https:\/\/nintendoeverything.com\/zelda-movie-netflix-streaming\/\" target=\"_blank\" rel=\"noopener nofollow\">Nintendoeverything<\/a><\/p>\n<p>\u00a0<\/p>\n<p><strong><a href=\"https:\/\/www.gamevicio.com\/noticias\/2025\/12\/gamevicio-lanca-newsletter\/\" rel=\"nofollow noopener\" target=\"_blank\">Gosta do nosso conte\u00fado? ent\u00e3o assine a newsletter e venha fazer parte da nossa comunidade!<\/a><\/strong><\/p>\n","protected":false},"excerpt":{"rendered":"A aguardada adapta\u00e7\u00e3o live-action de The Legend of Zelda j\u00e1 tem caminho definido at\u00e9 o streaming. A Netflix&hellip;\n","protected":false},"author":2,"featured_media":231757,"comment_status":"","ping_status":"","sticky":false,"template":"","format":"standard","meta":{"footnotes":""},"categories":[140],"tags":[114,115,147,148,146,32,33],"class_list":{"0":"post-231756","1":"post","2":"type-post","3":"status-publish","4":"format-standard","5":"has-post-thumbnail","7":"category-filmes","8":"tag-entertainment","9":"tag-entretenimento","10":"tag-film","11":"tag-filmes","12":"tag-movies","13":"tag-portugal","14":"tag-pt"},"share_on_mastodon":{"url":"https:\/\/pubeurope.com\/@pt\/115906063029490073","error":""},"_links":{"self":[{"href":"https:\/\/www.europesays.com\/pt\/wp-json\/wp\/v2\/posts\/231756","targetHints":{"allow":["GET"]}}],"collection":[{"href":"https:\/\/www.europesays.com\/pt\/wp-json\/wp\/v2\/posts"}],"about":[{"href":"https:\/\/www.europesays.com\/pt\/wp-json\/wp\/v2\/types\/post"}],"author":[{"embeddable":true,"href":"https:\/\/www.europesays.com\/pt\/wp-json\/wp\/v2\/users\/2"}],"replies":[{"embeddable":true,"href":"https:\/\/www.europesays.com\/pt\/wp-json\/wp\/v2\/comments?post=231756"}],"version-history":[{"count":0,"href":"https:\/\/www.europesays.com\/pt\/wp-json\/wp\/v2\/posts\/231756\/revisions"}],"wp:featuredmedia":[{"embeddable":true,"href":"https:\/\/www.europesays.com\/pt\/wp-json\/wp\/v2\/media\/231757"}],"wp:attachment":[{"href":"https:\/\/www.europesays.com\/pt\/wp-json\/wp\/v2\/media?parent=231756"}],"wp:term":[{"taxonomy":"category","embeddable":true,"href":"https:\/\/www.europesays.com\/pt\/wp-json\/wp\/v2\/categories?post=231756"},{"taxonomy":"post_tag","embeddable":true,"href":"https:\/\/www.europesays.com\/pt\/wp-json\/wp\/v2\/tags?post=231756"}],"curies":[{"name":"wp","href":"https:\/\/api.w.org\/{rel}","templated":true}]}}