{"id":231758,"date":"2026-01-16T17:55:04","date_gmt":"2026-01-16T17:55:04","guid":{"rendered":"https:\/\/www.europesays.com\/pt\/231758\/"},"modified":"2026-01-16T17:55:04","modified_gmt":"2026-01-16T17:55:04","slug":"treinador-do-rio-ave-refuta-crise-no-benfica-e-fala-de-andre-luiz","status":"publish","type":"post","link":"https:\/\/www.europesays.com\/pt\/231758\/","title":{"rendered":"Treinador do Rio Ave refuta \u00abcrise\u00bb no Benfica e fala de Andr\u00e9 Luiz"},"content":{"rendered":"<p>Sotiris Silaidopoulos, treinador do <a class=\"autolink-enabled\" data-resource-id=\"442\" data-resource-type=\"team\" data-sport=\"football\" href=\"https:\/\/www.abola.pt\/futebol\/rio-ave-442\" rel=\"nofollow noopener\" target=\"_blank\">Rio Ave<\/a>, n\u00e3o espera um <a class=\"autolink-enabled\" data-resource-id=\"450\" data-resource-type=\"team\" data-sport=\"football\" href=\"https:\/\/www.abola.pt\/futebol\/benfica-450\" rel=\"nofollow noopener\" target=\"_blank\">Benfica<\/a> fragilizado pela dupla elimina\u00e7\u00e3o na <a class=\"autolink-enabled\" data-resource-id=\"113\" data-resource-type=\"competition\" data-sport=\"football\" href=\"https:\/\/www.abola.pt\/futebol\/competicao\/allianz-cup-113\" rel=\"nofollow noopener\" target=\"_blank\">Allianz Cup<\/a> e <a class=\"autolink-enabled\" data-resource-id=\"112\" data-resource-type=\"competition\" data-sport=\"football\" href=\"https:\/\/www.abola.pt\/futebol\/competicao\/taca-de-portugal-112\" rel=\"nofollow noopener\" target=\"_blank\">Ta\u00e7a de Portugal<\/a>. Na antevis\u00e3o ao jogo, o t\u00e9cnico grego come\u00e7ou por comparar com o empate na Luz: \u00abVai ser um jogo diferente. Todos os jogos t\u00eam a sua hist\u00f3ria, esse foi h\u00e1 muitos meses. Espero um jogo dif\u00edcil, <a class=\"autolink-enabled\" data-resource-id=\"450\" data-resource-type=\"team\" data-sport=\"football\" href=\"https:\/\/www.abola.pt\/futebol\/benfica-450\" rel=\"nofollow noopener\" target=\"_blank\">Benfica<\/a> \u00e9 sempre o <a class=\"autolink-enabled\" data-resource-id=\"450\" data-resource-type=\"team\" data-sport=\"football\" href=\"https:\/\/www.abola.pt\/futebol\/benfica-450\" rel=\"nofollow noopener\" target=\"_blank\">Benfica<\/a>, uma grande equipa com um grande treinador. Vai ser muito exigente, mas desafiante. Estes jogos t\u00eam mais motiva\u00e7\u00e3o e espero que demos o nosso melhor para ganhar.\u00bb <\/p>\n<blockquote>\n<p>Espero um jogo dif\u00edcil, Benfica \u00e9 sempre o Benfica, uma grande equipa com um grande treinador. Vai ser muito exigente, mas desafiante. Estes jogos t\u00eam mais motiva\u00e7\u00e3o e espero que demos o nosso melhor para ganhar<\/p>\n<\/blockquote>\n<p>Sobre a crise das \u00e1guias, Silaidopoulos afasta cen\u00e1rios de fragilidade: \u00abOs grandes clubes, com estes jogadores e treinador, sabem lidar com estas situa\u00e7\u00f5es. V\u00e3o virar energias e motiva\u00e7\u00e3o para aparecerem agressivos. Querem ganhar coisas e s\u00e3o muito experientes. N\u00e3o penso que v\u00e1 ter impacto no nosso jogo.\u00bb<\/p>\n<blockquote>\n<p>Os grandes clubes, com estes jogadores e treinador, sabem lidar com estas situa\u00e7\u00f5es<\/p>\n<\/blockquote>\n<p>O hel\u00e9nico aponta ainda o caminho para explorar instabilidade emocional: \u00abQuando defrontamos equipas como o <a class=\"autolink-enabled\" data-resource-id=\"450\" data-resource-type=\"team\" data-sport=\"football\" href=\"https:\/\/www.abola.pt\/futebol\/benfica-450\" rel=\"nofollow noopener\" target=\"_blank\">Benfica<\/a>, temos de gerir emo\u00e7\u00f5es. O mais importante \u00e9 come\u00e7ar forte, ter f\u00e9 e continuar forte. Temos de ser bravos e focados em todos os aspetos. Todos os ingredientes podem dar-nos oportunidades de tirar algo positivo. Vamos lutar at\u00e9 ao final, j\u00e1 prov\u00e1mos que somos dif\u00edceis de bater.\u00bb<\/p>\n<p>Questionado sobre Vangelis Pavlidis, elogiou o compatriota: \u00ab\u00c9 um grande jogador, uma grande pessoa, importante para o Benfica e representa o futebol grego da melhor forma. H\u00e1 cinco ou seis anos era dif\u00edcil imaginar dois gregos nos principais clubes portugueses. Mas mostra a evolu\u00e7\u00e3o do futebol grego. Espero que amanh\u00e3 n\u00e3o esteja t\u00e3o feliz.\u00bb<\/p>\n<blockquote>\n<p>Pavlidis \u00e9 um grande jogador, uma grande pessoa, importante para o Benfica e representa o futebol grego da melhor forma. H\u00e1 cinco ou seis anos era dif\u00edcil imaginar dois gregos nos principais clubes portugueses<\/p>\n<\/blockquote>\n<p>Sobre Andr\u00e9 Luiz, alvo do Benfica, n\u00e3o deixou que o tema dominasse a confer\u00eancia: \u00abH\u00e1 uma hora usava a camisola de treino do Rio Ave. Est\u00e1 muito motivado, a fazer as coisas dele. Estou \u00e0 espera que jogue e tenha bom desempenho. O nosso ambiente \u00e9 familiar, mas entendo que tenha coisas a passar-lhe pela cabe\u00e7a com interesse de grandes clubes, mas o foco \u00e9 a equipa. Os outros jogadores t\u00eam motiva\u00e7\u00e3o extra contra o Benfica. O Andr\u00e9 evoluiu muito na Liga e vai mostrar isso amanh\u00e3.\u00bb<\/p>\n<blockquote>\n<p>O nosso ambiente \u00e9 familiar, mas entendo que [Andr\u00e9 Luiz] tenha coisas a passar-lhe pela cabe\u00e7a com interesse de grandes clubes, mas o foco \u00e9 a equipa<\/p>\n<\/blockquote>\n<p>Diogo Bezerra, refor\u00e7o de inverno do ataque, entra j\u00e1 na estrat\u00e9gia: \u00abIdentific\u00e1mos esse jogador h\u00e1 algum tempo. Tem caracter\u00edsticas que queremos, \u00e9 potente. Est\u00e1 pronto, apesar de precisar de adapta\u00e7\u00e3o.\u00bb<\/p>\n","protected":false},"excerpt":{"rendered":"Sotiris Silaidopoulos, treinador do Rio Ave, n\u00e3o espera um Benfica fragilizado pela dupla elimina\u00e7\u00e3o na Allianz Cup e&hellip;\n","protected":false},"author":2,"featured_media":231759,"comment_status":"","ping_status":"","sticky":false,"template":"","format":"standard","meta":{"footnotes":""},"categories":[87],"tags":[135,32,33,134],"class_list":{"0":"post-231758","1":"post","2":"type-post","3":"status-publish","4":"format-standard","5":"has-post-thumbnail","7":"category-desporto","8":"tag-desporto","9":"tag-portugal","10":"tag-pt","11":"tag-sports"},"share_on_mastodon":{"url":"https:\/\/pubeurope.com\/@pt\/115906067158342393","error":""},"_links":{"self":[{"href":"https:\/\/www.europesays.com\/pt\/wp-json\/wp\/v2\/posts\/231758","targetHints":{"allow":["GET"]}}],"collection":[{"href":"https:\/\/www.europesays.com\/pt\/wp-json\/wp\/v2\/posts"}],"about":[{"href":"https:\/\/www.europesays.com\/pt\/wp-json\/wp\/v2\/types\/post"}],"author":[{"embeddable":true,"href":"https:\/\/www.europesays.com\/pt\/wp-json\/wp\/v2\/users\/2"}],"replies":[{"embeddable":true,"href":"https:\/\/www.europesays.com\/pt\/wp-json\/wp\/v2\/comments?post=231758"}],"version-history":[{"count":0,"href":"https:\/\/www.europesays.com\/pt\/wp-json\/wp\/v2\/posts\/231758\/revisions"}],"wp:featuredmedia":[{"embeddable":true,"href":"https:\/\/www.europesays.com\/pt\/wp-json\/wp\/v2\/media\/231759"}],"wp:attachment":[{"href":"https:\/\/www.europesays.com\/pt\/wp-json\/wp\/v2\/media?parent=231758"}],"wp:term":[{"taxonomy":"category","embeddable":true,"href":"https:\/\/www.europesays.com\/pt\/wp-json\/wp\/v2\/categories?post=231758"},{"taxonomy":"post_tag","embeddable":true,"href":"https:\/\/www.europesays.com\/pt\/wp-json\/wp\/v2\/tags?post=231758"}],"curies":[{"name":"wp","href":"https:\/\/api.w.org\/{rel}","templated":true}]}}