{"id":231760,"date":"2026-01-16T17:56:11","date_gmt":"2026-01-16T17:56:11","guid":{"rendered":"https:\/\/www.europesays.com\/pt\/231760\/"},"modified":"2026-01-16T17:56:11","modified_gmt":"2026-01-16T17:56:11","slug":"pbh-disponibiliza-servico-de-saude-gratuito-para-orientacao-de-viajantes","status":"publish","type":"post","link":"https:\/\/www.europesays.com\/pt\/231760\/","title":{"rendered":"PBH disponibiliza servi\u00e7o de sa\u00fade gratuito para orienta\u00e7\u00e3o de viajantes"},"content":{"rendered":"<p>Quem vai viajar a lazer ou a trabalho deve redobrar a aten\u00e7\u00e3o com a sa\u00fade, especialmente em rela\u00e7\u00e3o \u00e0s doen\u00e7as transmiss\u00edveis e aos cuidados especiais exigidos em cada destino. Com foco na preven\u00e7\u00e3o e na assist\u00eancia integral, a Prefeitura de Belo Horizonte disponibiliza o Servi\u00e7o de Aten\u00e7\u00e3o \u00e0 Sa\u00fade do Viajante, que funciona na Rua Para\u00edba, 890, no bairro Funcion\u00e1rios, das 8h \u00e0s 17h.<\/p>\n<p>A unidade orienta sobre medidas de higiene, uso de medicamentos e vacinas necess\u00e1rias \u2013 recomendadas ou obrigat\u00f3rias \u2013, contribuindo para uma viagem mais segura e tranquila. O atendimento m\u00e9dico \u00e9 realizado mediante agendamento, o que possibilita uma orienta\u00e7\u00e3o individualizada e adequada ao perfil e ao destino de cada viajante. Os hor\u00e1rios podem ser marcados pelos telefones (31) 3246-5026 e (31) 3277-5300, com vagas disponibilizadas semanalmente. Os esclarecimentos tamb\u00e9m s\u00e3o prestados por meio do e-mail <a href=\"https:\/\/prefeitura.pbh.gov.br\/noticias\/mailto:saude.viajante@pbh.gov.br\" target=\"_blank\" rel=\"nofollow noopener\"><strong>saude.viajante@pbh.gov.br<\/strong><\/a>.<\/p>\n<p>Al\u00e9m das orienta\u00e7\u00f5es gerais, a unidade tamb\u00e9m oferta, de segunda a sexta-feira, das 8h \u00e0s 16h30, sem necessidade de agendamento, todos os imunizantes que fazem parte do calend\u00e1rio b\u00e1sico de vacina\u00e7\u00e3o. S\u00e3o aplicadas vacinas contra a febre amarela, al\u00e9m da dupla adulto (difteria e t\u00e9tano), tr\u00edplice viral (sarampo, caxumba e rub\u00e9ola) e hepatite B, entre outras. O servi\u00e7o disponibiliza, ainda, teste r\u00e1pido para mal\u00e1ria, destinado a pacientes sintom\u00e1ticos que viajaram para \u00e1reas de risco.<\/p>\n<p>\u201cO Servi\u00e7o de Aten\u00e7\u00e3o \u00e0 Sa\u00fade do Viajante oferta suporte gratuito e especializado aos usu\u00e1rios, al\u00e9m de acesso \u00e0 imuniza\u00e7\u00e3o de rotina, de acordo com a situa\u00e7\u00e3o vacinal de cada um, tudo em um \u00fanico local. O principal objetivo dos atendimentos da unidade \u00e9 promover a preven\u00e7\u00e3o, a prote\u00e7\u00e3o e o cuidado integral \u00e0 sa\u00fade das pessoas antes, durante e ap\u00f3s as viagens, sejam elas nacionais ou internacionais\u201d, destacou a diretora de Promo\u00e7\u00e3o \u00e0 Sa\u00fade e Vigil\u00e2ncia Epidemiol\u00f3gica, Tatiani Fereguetti.<\/p>\n<p><strong>Certificado Internacional de Vacina\u00e7\u00e3o ou Profilaxia<\/strong><\/p>\n<p>Desde 2023, a emiss\u00e3o do Certificado Internacional de Vacina\u00e7\u00e3o ou Profilaxia (CIVP), que comprova a imuniza\u00e7\u00e3o contra a febre amarela, passou a ser realizada exclusivamente por meio do portal do governo federal. O documento \u00e9 exigido para a entrada ou conex\u00e3o a\u00e9rea em determinados pa\u00edses, e o prazo para recebimento \u00e9 de at\u00e9 10 dias, com retorno da Anvisa, em geral, entre 1 e 5 dias \u00fateis.<\/p>\n<p>Para solicitar o CIVP, \u00e9 obrigat\u00f3ria a apresenta\u00e7\u00e3o de c\u00f3pia do cart\u00e3o de vacina\u00e7\u00e3o que comprove a imuniza\u00e7\u00e3o contra a febre amarela. A validade do certificado tem in\u00edcio 10 dias ap\u00f3s a data da vacina\u00e7\u00e3o e \u00e9 vital\u00edcia.<\/p>\n<p>Cabe destacar que, se a pessoa j\u00e1 foi vacinada, o documento pode estar dispon\u00edvel no aplicativo \u2018Meu SUS Digital\u2019. Sendo assim, \u00e9 importante realizar essa verifica\u00e7\u00e3o antes da solicita\u00e7\u00e3o no portal do governo federal.<\/p>\n<p>\u00a0<\/p>\n","protected":false},"excerpt":{"rendered":"Quem vai viajar a lazer ou a trabalho deve redobrar a aten\u00e7\u00e3o com a sa\u00fade, especialmente em rela\u00e7\u00e3o&hellip;\n","protected":false},"author":2,"featured_media":231761,"comment_status":"","ping_status":"","sticky":false,"template":"","format":"standard","meta":{"footnotes":""},"categories":[86],"tags":[116,2092,2093,32,2091,2094,33,117],"class_list":{"0":"post-231760","1":"post","2":"type-post","3":"status-publish","4":"format-standard","5":"has-post-thumbnail","7":"category-saude","8":"tag-health","9":"tag-pbh","10":"tag-portal-pbh","11":"tag-portugal","12":"tag-prefeitura-de-belo-horizonte","13":"tag-prefeitura-pbh-gov-br","14":"tag-pt","15":"tag-saude"},"share_on_mastodon":{"url":"https:\/\/pubeurope.com\/@pt\/115906070755759808","error":""},"_links":{"self":[{"href":"https:\/\/www.europesays.com\/pt\/wp-json\/wp\/v2\/posts\/231760","targetHints":{"allow":["GET"]}}],"collection":[{"href":"https:\/\/www.europesays.com\/pt\/wp-json\/wp\/v2\/posts"}],"about":[{"href":"https:\/\/www.europesays.com\/pt\/wp-json\/wp\/v2\/types\/post"}],"author":[{"embeddable":true,"href":"https:\/\/www.europesays.com\/pt\/wp-json\/wp\/v2\/users\/2"}],"replies":[{"embeddable":true,"href":"https:\/\/www.europesays.com\/pt\/wp-json\/wp\/v2\/comments?post=231760"}],"version-history":[{"count":0,"href":"https:\/\/www.europesays.com\/pt\/wp-json\/wp\/v2\/posts\/231760\/revisions"}],"wp:featuredmedia":[{"embeddable":true,"href":"https:\/\/www.europesays.com\/pt\/wp-json\/wp\/v2\/media\/231761"}],"wp:attachment":[{"href":"https:\/\/www.europesays.com\/pt\/wp-json\/wp\/v2\/media?parent=231760"}],"wp:term":[{"taxonomy":"category","embeddable":true,"href":"https:\/\/www.europesays.com\/pt\/wp-json\/wp\/v2\/categories?post=231760"},{"taxonomy":"post_tag","embeddable":true,"href":"https:\/\/www.europesays.com\/pt\/wp-json\/wp\/v2\/tags?post=231760"}],"curies":[{"name":"wp","href":"https:\/\/api.w.org\/{rel}","templated":true}]}}