{"id":231762,"date":"2026-01-16T17:57:15","date_gmt":"2026-01-16T17:57:15","guid":{"rendered":"https:\/\/www.europesays.com\/pt\/231762\/"},"modified":"2026-01-16T17:57:15","modified_gmt":"2026-01-16T17:57:15","slug":"thom-yorke-dos-radiohead-e-nick-cave-no-album-de-estreia-a-solo-de-flea-dos-red-hot-chili-peppers-ouca-o-novo-single-traffic-lights","status":"publish","type":"post","link":"https:\/\/www.europesays.com\/pt\/231762\/","title":{"rendered":"Thom Yorke dos Radiohead e Nick Cave no \u00e1lbum de estreia a solo de Flea, dos Red Hot Chili Peppers: ou\u00e7a o novo single \u2018Traffic Lights\u2019"},"content":{"rendered":"<p class=\"MsoNormal\">Depois de d\u00e9cadas com os <strong>Red Hot Chili Peppers<\/strong>, <strong>Flea <\/strong>vai estrear-se nos <strong>\u00e1lbuns em nome pr\u00f3prio<\/strong> e revelou agora mais detalhes sobre o projeto: chama-se <strong>\u201cHonora\u201d<\/strong>, ser\u00e1 editado a <strong>27 de mar\u00e7o<\/strong> e contar\u00e1 com <strong>Nick Cave e Thom Yorke, dos Radiohead, como convidados<\/strong>.<\/p>\n<p class=\"MsoNormal\">A acompanhar este an\u00fancio, chega tamb\u00e9m um n<strong>ovo single, \u2018Traffic Lights\u2019<\/strong>, que conta com a presta\u00e7\u00e3o vocal de <strong>Yorke<\/strong>, que tamb\u00e9m \u00e9 coautor \u2013 ou\u00e7a abaixo. Recorde-se que Yorke j\u00e1 trabalhara com Flea na superbanda <strong>Atoms For Peace<\/strong>. Esta nova can\u00e7\u00e3o, que Flea diz ser sobre \u201cviver no mundo invertido\u201d, sucede ao primeiro avan\u00e7o, <strong>\u2018A Plea\u2019<\/strong>.<\/p>\n<p>No disco, Flea, que se tornou mais conhecido como <strong>baixista dos Red Hot Chili Peppers<\/strong>, toca trompete e baixo e ao seu lado tem uma \u201c<strong>banda de elite de vision\u00e1rios do jazz moderno<\/strong>\u201d. Al\u00e9m de can\u00e7\u00f5es originais, \u201cHonora\u201d contar\u00e1 com <strong>vers\u00f5es <\/strong>de temas de G<strong>eorge Clinton, Frank Ocean e Jimmy Webb<\/strong>. Veja a <strong>capa <\/strong>do disco e o <strong>alinhamento <\/strong>abaixo.<\/p>\n<p>1. Golden Wingship<br \/>2. A Plea<br \/>3. Traffic Lights<br \/>4. Frailed<br \/>5. Morning Cry<br \/>6. Maggot Brain<br \/>7. Wichita Lineman<br \/>8. Thinkin Boy You<br \/>9. Willow Weep for Me<br \/>10. Free As I Want to Be<\/p>\n<p>O disco ser\u00e1 apresentado em <strong>concertos <\/strong>na <strong>Am\u00e9rica do Norte <\/strong>e tamb\u00e9m na <strong>Europa <\/strong>em <strong>maio<\/strong>, tendo Flea marcado datas em <strong>Berlim <\/strong>(dia 21), <strong>Amesterd\u00e3o <\/strong>(dia 22), <strong>Londres <\/strong>(dia 26) e <strong>Paris <\/strong>(dia 28).<\/p>\n","protected":false},"excerpt":{"rendered":"Depois de d\u00e9cadas com os Red Hot Chili Peppers, Flea vai estrear-se nos \u00e1lbuns em nome pr\u00f3prio e&hellip;\n","protected":false},"author":2,"featured_media":231763,"comment_status":"","ping_status":"","sticky":false,"template":"","format":"standard","meta":{"footnotes":""},"categories":[85],"tags":[114,115,32,33],"class_list":{"0":"post-231762","1":"post","2":"type-post","3":"status-publish","4":"format-standard","5":"has-post-thumbnail","7":"category-entretenimento","8":"tag-entertainment","9":"tag-entretenimento","10":"tag-portugal","11":"tag-pt"},"share_on_mastodon":{"url":"https:\/\/pubeurope.com\/@pt\/115906074540343917","error":""},"_links":{"self":[{"href":"https:\/\/www.europesays.com\/pt\/wp-json\/wp\/v2\/posts\/231762","targetHints":{"allow":["GET"]}}],"collection":[{"href":"https:\/\/www.europesays.com\/pt\/wp-json\/wp\/v2\/posts"}],"about":[{"href":"https:\/\/www.europesays.com\/pt\/wp-json\/wp\/v2\/types\/post"}],"author":[{"embeddable":true,"href":"https:\/\/www.europesays.com\/pt\/wp-json\/wp\/v2\/users\/2"}],"replies":[{"embeddable":true,"href":"https:\/\/www.europesays.com\/pt\/wp-json\/wp\/v2\/comments?post=231762"}],"version-history":[{"count":0,"href":"https:\/\/www.europesays.com\/pt\/wp-json\/wp\/v2\/posts\/231762\/revisions"}],"wp:featuredmedia":[{"embeddable":true,"href":"https:\/\/www.europesays.com\/pt\/wp-json\/wp\/v2\/media\/231763"}],"wp:attachment":[{"href":"https:\/\/www.europesays.com\/pt\/wp-json\/wp\/v2\/media?parent=231762"}],"wp:term":[{"taxonomy":"category","embeddable":true,"href":"https:\/\/www.europesays.com\/pt\/wp-json\/wp\/v2\/categories?post=231762"},{"taxonomy":"post_tag","embeddable":true,"href":"https:\/\/www.europesays.com\/pt\/wp-json\/wp\/v2\/tags?post=231762"}],"curies":[{"name":"wp","href":"https:\/\/api.w.org\/{rel}","templated":true}]}}