{"id":231764,"date":"2026-01-16T18:01:32","date_gmt":"2026-01-16T18:01:32","guid":{"rendered":"https:\/\/www.europesays.com\/pt\/231764\/"},"modified":"2026-01-16T18:01:32","modified_gmt":"2026-01-16T18:01:32","slug":"ao-minuto-ventura-faz-apelo-ao-psd-e-il-mandato-dificil-preparado","status":"publish","type":"post","link":"https:\/\/www.europesays.com\/pt\/231764\/","title":{"rendered":"AO MINUTO: Ventura faz apelo ao PSD e IL; Mandato dif\u00edcil? &#8220;Preparado&#8221;"},"content":{"rendered":"<p>\u00c0 margem de uma visita \u00e0s oficinas da Empresa de Manuten\u00e7\u00e3o de Equipamento Ferrovi\u00e1rio, Catarina Martins fez um \u00faltimo apelo ao voto e, sobretudo, aos indecisos.<\/p>\n<p>&#8220;Num momento em que h\u00e1 candidatos que fazem tantas contas, mas n\u00e3o apresentam uma \u00fanica ideia para o pa\u00eds, continuo a dizer, do primeiro ao \u00faltimo dia da campanha, que as campanhas t\u00eam de ser sobre ideias porque a candidatura da Presid\u00eancia tem de ser sobre uma ideia para a nossa democracia e para o nosso pa\u00eds&#8221;, defende. &#8220;Eu quero uma economia qualificada, de sal\u00e1rios dignos, de pens\u00f5es dignas.&#8221;<\/p>\n<p>Sobre progn\u00f3sticos para domingo, a candidata apoiada pelo Bloco de Esquerda diz apenas que confia na campanha que fez. &#8220;As pessoas sabem que podem contar comigo porque eu sou coerente, consistente, e estive sempre ao lado de quem trabalha e de quem constr\u00f3i este pa\u00eds&#8221;, sublinha, avisando que vai a &#8220;todo o pa\u00eds&#8221; numa altura em que o Estado est\u00e1 a &#8220;falhar na Sa\u00fade, na educa\u00e7\u00e3o&#8221;.<\/p>\n<p>&#8220;Apelo ao voto, no domingo, com essas duas garantias: c\u00e1 estarei para uma democracia forte de homens e mulheres iguais e c\u00e1 estarei pelo sal\u00e1rio, pela pens\u00e3o, pela Sa\u00fade, pela habita\u00e7\u00e3o, por um pa\u00eds que \u00e9 solid\u00e1rio e que pode ter tamb\u00e9m uma economia melhor&#8221;, afirmou.<\/p>\n<p>Aos indecisos, avisou: &#8220;Lembrem-se que escolhas, todos temos de fazer. Mas a primeira volta das elei\u00e7\u00f5es presidenciais \u00e9 sobre convic\u00e7\u00e3o, \u00e9 votar naquilo em que se acredita. Isto n\u00e3o \u00e9 um jogo t\u00e1tico em que perdemos todos. Quem quer puxar pelo sal\u00e1rio, puxar pela pens\u00e3o, quem sabe que o Estado n\u00e3o pode continuar a falhar na Sa\u00fade e na habita\u00e7\u00e3o, sabe que eu estarei todos os dias a dar voz \u00e0s popula\u00e7\u00f5es.&#8221;<\/p>\n<p>E garante: &#8220;Eu n\u00e3o abandono o meu pa\u00eds, eu n\u00e3o abandono Portugal e quem acredita nele.&#8221;<\/p>\n","protected":false},"excerpt":{"rendered":"\u00c0 margem de uma visita \u00e0s oficinas da Empresa de Manuten\u00e7\u00e3o de Equipamento Ferrovi\u00e1rio, Catarina Martins fez um&hellip;\n","protected":false},"author":2,"featured_media":231765,"comment_status":"","ping_status":"","sticky":false,"template":"","format":"standard","meta":{"footnotes":""},"categories":[10],"tags":[27,28,15,16,14,25,26,21,22,12,13,19,20,32,23,24,33,17,18,29,30,31],"class_list":{"0":"post-231764","1":"post","2":"type-post","3":"status-publish","4":"format-standard","5":"has-post-thumbnail","7":"category-portugal","8":"tag-breaking-news","9":"tag-breakingnews","10":"tag-featured-news","11":"tag-featurednews","12":"tag-headlines","13":"tag-latest-news","14":"tag-latestnews","15":"tag-main-news","16":"tag-mainnews","17":"tag-news","18":"tag-noticias","19":"tag-noticias-principais","20":"tag-noticiasprincipais","21":"tag-portugal","22":"tag-principais-noticias","23":"tag-principaisnoticias","24":"tag-pt","25":"tag-top-stories","26":"tag-topstories","27":"tag-ultimas","28":"tag-ultimas-noticias","29":"tag-ultimasnoticias"},"share_on_mastodon":{"url":"https:\/\/pubeurope.com\/@pt\/115906090301695956","error":""},"_links":{"self":[{"href":"https:\/\/www.europesays.com\/pt\/wp-json\/wp\/v2\/posts\/231764","targetHints":{"allow":["GET"]}}],"collection":[{"href":"https:\/\/www.europesays.com\/pt\/wp-json\/wp\/v2\/posts"}],"about":[{"href":"https:\/\/www.europesays.com\/pt\/wp-json\/wp\/v2\/types\/post"}],"author":[{"embeddable":true,"href":"https:\/\/www.europesays.com\/pt\/wp-json\/wp\/v2\/users\/2"}],"replies":[{"embeddable":true,"href":"https:\/\/www.europesays.com\/pt\/wp-json\/wp\/v2\/comments?post=231764"}],"version-history":[{"count":0,"href":"https:\/\/www.europesays.com\/pt\/wp-json\/wp\/v2\/posts\/231764\/revisions"}],"wp:featuredmedia":[{"embeddable":true,"href":"https:\/\/www.europesays.com\/pt\/wp-json\/wp\/v2\/media\/231765"}],"wp:attachment":[{"href":"https:\/\/www.europesays.com\/pt\/wp-json\/wp\/v2\/media?parent=231764"}],"wp:term":[{"taxonomy":"category","embeddable":true,"href":"https:\/\/www.europesays.com\/pt\/wp-json\/wp\/v2\/categories?post=231764"},{"taxonomy":"post_tag","embeddable":true,"href":"https:\/\/www.europesays.com\/pt\/wp-json\/wp\/v2\/tags?post=231764"}],"curies":[{"name":"wp","href":"https:\/\/api.w.org\/{rel}","templated":true}]}}