{"id":231766,"date":"2026-01-16T18:03:08","date_gmt":"2026-01-16T18:03:08","guid":{"rendered":"https:\/\/www.europesays.com\/pt\/231766\/"},"modified":"2026-01-16T18:03:08","modified_gmt":"2026-01-16T18:03:08","slug":"miseria-samara-felippo-revela-valor-do-primeiro-salario-na-globo-saiba-quanto","status":"publish","type":"post","link":"https:\/\/www.europesays.com\/pt\/231766\/","title":{"rendered":"MIS\u00c9RIA? Samara Felippo revela valor do primeiro sal\u00e1rio na Globo; saiba quanto"},"content":{"rendered":"<p>\n                        Samara Felippo revela valor do primeiro sal\u00e1rio que ganhou na Globo durante a novela &#8216;Anjo Mau&#8217; em 1997; veja\n                    <\/p>\n<ul class=\"article__header__author\">\n<li class=\"article__header__author__item\">\n                                                Por:<br \/>\n                                                                                    Laura Vicaria \/ Mais Novela\n                                                                        <\/li>\n<\/ul>\n<p class=\"text\">Uma lembran\u00e7a guardada por quase 30 anos ganhou novo significado para <strong>Samara Felippo<\/strong>. Aos 47 anos, a atriz encontrou entre antigos documentos o contrato que marcou sua estreia na televis\u00e3o, assinado no in\u00edcio da carreira. O papel trouxe \u00e0 tona n\u00e3o apenas mem\u00f3rias afetivas, mas tamb\u00e9m detalhes financeiros e profissionais de um dos momentos mais decisivos de sua trajet\u00f3ria art\u00edstica.<\/p>\n<p><img loading=\"lazy\" decoding=\"async\" alt=\"\" class=\"img-3b1fa7c8fe5bf2b424b24b064a0088f2w9louyp2\" height=\"435\" src=\"https:\/\/www.europesays.com\/pt\/wp-content\/uploads\/2026\/01\/693307871-miseria-samara-felippo-revela-valor-do-primeiro-salario-na-globo.jpg\"  title=\"Mais Novela\" width=\"774\"\/><\/p>\n<p>\nFoto: Mais Novela\n<\/p>\n<p class=\"text\">O contrato refere-se \u00e0 participa\u00e7\u00e3o de Samara na novela Anjo Mau, exibida pela TV Globo em 1997. Na ocasi\u00e3o, ela recebeu <strong>R$ 1.500<\/strong> para interpretar a personagem <strong>Simone.<\/strong> O valor correspondia a cerca de 12,5 sal\u00e1rios m\u00ednimos da \u00e9poca, j\u00e1 que o piso nacional era de R$ 120. Considerando a mesma propor\u00e7\u00e3o nos dias atuais, o montante ultrapassaria R$ 20 mil mensais, o que evidencia o impacto financeiro daquele primeiro trabalho.<\/p>\n<p class=\"text\">Ao relembrar o in\u00edcio da carreira, Samara destacou o contexto simples em que vivia e a surpresa ao reencontrar o documento. &#8220;Achei meu primeiro contrato com a Globo. Ainda morava no Cachambi. O trabalho era identificado como &#8216;nova novela das 18h&#8217;, n\u00e3o citavam que era Anjo Mau&#8221;, contou. Segundo a atriz, a aus\u00eancia de detalhes refor\u00e7ava o clima de expectativa e incerteza que cercava o projeto naquele momento.<\/p>\n<p class=\"text\">Mais do que o valor financeiro, a experi\u00eancia representou a concretiza\u00e7\u00e3o de um sonho. Hoje, ao revisitar o epis\u00f3dio, Samara reconhece a dimens\u00e3o da oportunidade que teve ainda muito jovem. &#8220;Foi muito privil\u00e9gio e felicidade. Eu reconhe\u00e7o demais. Tinha 18 anos&#8221;, afirmou.<\/p>\n<p class=\"text\">A redescoberta do contrato funciona como um elo entre passado e presente, trazendo \u00e0 tona reflex\u00f5es sobre o in\u00edcio da carreira, as oportunidades recebidas e a constru\u00e7\u00e3o de uma trajet\u00f3ria s\u00f3lida na televis\u00e3o brasileira.<\/p>\n","protected":false},"excerpt":{"rendered":"Samara Felippo revela valor do primeiro sal\u00e1rio que ganhou na Globo durante a novela &#8216;Anjo Mau&#8217; em 1997;&hellip;\n","protected":false},"author":2,"featured_media":231767,"comment_status":"","ping_status":"","sticky":false,"template":"","format":"standard","meta":{"footnotes":""},"categories":[145],"tags":[211,210,114,115,32,33],"class_list":{"0":"post-231766","1":"post","2":"type-post","3":"status-publish","4":"format-standard","5":"has-post-thumbnail","7":"category-celebridades","8":"tag-celebridades","9":"tag-celebrities","10":"tag-entertainment","11":"tag-entretenimento","12":"tag-portugal","13":"tag-pt"},"share_on_mastodon":{"url":"https:\/\/pubeurope.com\/@pt\/115906098176630331","error":""},"_links":{"self":[{"href":"https:\/\/www.europesays.com\/pt\/wp-json\/wp\/v2\/posts\/231766","targetHints":{"allow":["GET"]}}],"collection":[{"href":"https:\/\/www.europesays.com\/pt\/wp-json\/wp\/v2\/posts"}],"about":[{"href":"https:\/\/www.europesays.com\/pt\/wp-json\/wp\/v2\/types\/post"}],"author":[{"embeddable":true,"href":"https:\/\/www.europesays.com\/pt\/wp-json\/wp\/v2\/users\/2"}],"replies":[{"embeddable":true,"href":"https:\/\/www.europesays.com\/pt\/wp-json\/wp\/v2\/comments?post=231766"}],"version-history":[{"count":0,"href":"https:\/\/www.europesays.com\/pt\/wp-json\/wp\/v2\/posts\/231766\/revisions"}],"wp:featuredmedia":[{"embeddable":true,"href":"https:\/\/www.europesays.com\/pt\/wp-json\/wp\/v2\/media\/231767"}],"wp:attachment":[{"href":"https:\/\/www.europesays.com\/pt\/wp-json\/wp\/v2\/media?parent=231766"}],"wp:term":[{"taxonomy":"category","embeddable":true,"href":"https:\/\/www.europesays.com\/pt\/wp-json\/wp\/v2\/categories?post=231766"},{"taxonomy":"post_tag","embeddable":true,"href":"https:\/\/www.europesays.com\/pt\/wp-json\/wp\/v2\/tags?post=231766"}],"curies":[{"name":"wp","href":"https:\/\/api.w.org\/{rel}","templated":true}]}}